{"id":3613,"date":"2024-07-25T14:00:00","date_gmt":"2024-07-25T12:00:00","guid":{"rendered":"https:\/\/elcafedepipa.com\/?p=3613"},"modified":"2024-07-25T14:02:08","modified_gmt":"2024-07-25T12:02:08","slug":"lassociacio-de-dones-clara-campoamor-fa-una-crida-perque-la-gent-se-sume-a-la-nit-de-vigilia-hui","status":"publish","type":"post","link":"https:\/\/elcafedepipa.com\/index.php\/2024\/07\/25\/lassociacio-de-dones-clara-campoamor-fa-una-crida-perque-la-gent-se-sume-a-la-nit-de-vigilia-hui\/","title":{"rendered":"Podcast | L&#8217;Associaci\u00f3 de Dones Clara Campoamor fa una crida perqu\u00e8 la gent se sume a la Nit de Vigilia hui"},"content":{"rendered":"\n<p><strong>\u00c0UDIO |<\/strong> Aquesta nit en m\u00e9s de 100 municipis de tota Espanya s&#8217;ha convocat una Nit de Vig\u00edlia per dir prou a la viol\u00e8ncia de g\u00e8nere. La Vall d&#8217;Uix\u00f3, a trav\u00e9s de l&#8217;Associaci\u00f3 de Dones Clara Campoamor, espera que la gent se sume aquesta nit a partir de les 22:00h a la pla\u00e7a de l&#8217;Ajuntament. Parlem amb la secret\u00e0ria de l&#8217;organitzaci\u00f3, Irene Peirats.<\/p>\n\n\n\n<figure class=\"wp-block-audio\"><audio controls src=\"https:\/\/elcafedepipa.com\/wp-content\/uploads\/2024\/07\/irene25jul.mp3\"><\/audio><\/figure>\n\n\n\n<p>Punts on s&#8217;ha convocat una Nit de Vig\u00edlia:<\/p>\n\n\n\n<figure class=\"wp-block-image size-full\"><img decoding=\"async\" src=\"https:\/\/elcafedepipa.com\/wp-content\/uploads\/2024\/07\/WhatsApp-Image-2024-07-25-at-10.06.41.jpeg\" alt=\"\" class=\"wp-image-3616\"\/><\/figure>\n\n\n\n<p><\/p>\n","protected":false},"excerpt":{"rendered":"<p>\u00c0UDIO | Aquesta nit en m\u00e9s de 100 municipis de tota Espanya s&#8217;ha convocat una Nit de Vig\u00edlia per dir prou a la viol\u00e8ncia de g\u00e8nere. La Vall d&#8217;Uix\u00f3, a trav\u00e9s de l&#8217;Associaci\u00f3 de Dones Clara Campoamor, espera que la gent se sume aquesta nit a partir de les 22:00h a la pla\u00e7a de l&#8217;Ajuntament. &#8230; <a title=\"Podcast | L&#8217;Associaci\u00f3 de Dones Clara Campoamor fa una crida perqu\u00e8 la gent se sume a la Nit de Vigilia hui\" class=\"read-more\" href=\"https:\/\/elcafedepipa.com\/index.php\/2024\/07\/25\/lassociacio-de-dones-clara-campoamor-fa-una-crida-perque-la-gent-se-sume-a-la-nit-de-vigilia-hui\/\" aria-label=\"M\u00e9s informaci\u00f3 sobre Podcast | L&#8217;Associaci\u00f3 de Dones Clara Campoamor fa una crida perqu\u00e8 la gent se sume a la Nit de Vigilia hui\">Read more<\/a><\/p>\n","protected":false},"author":2,"featured_media":0,"comment_status":"closed","ping_status":"closed","sticky":false,"template":"","format":"standard","meta":{"om_disable_all_campaigns":false,"_monsterinsights_skip_tracking":false,"_monsterinsights_sitenote_active":false,"_monsterinsights_sitenote_note":"","_monsterinsights_sitenote_category":0,"_uf_show_specific_survey":0,"_uf_disable_surveys":false,"footnotes":""},"categories":[2],"tags":[],"class_list":["post-3613","post","type-post","status-publish","format-standard","hentry","category-lavallduixo"],"_links":{"self":[{"href":"https:\/\/elcafedepipa.com\/index.php\/wp-json\/wp\/v2\/posts\/3613","targetHints":{"allow":["GET"]}}],"collection":[{"href":"https:\/\/elcafedepipa.com\/index.php\/wp-json\/wp\/v2\/posts"}],"about":[{"href":"https:\/\/elcafedepipa.com\/index.php\/wp-json\/wp\/v2\/types\/post"}],"author":[{"embeddable":true,"href":"https:\/\/elcafedepipa.com\/index.php\/wp-json\/wp\/v2\/users\/2"}],"replies":[{"embeddable":true,"href":"https:\/\/elcafedepipa.com\/index.php\/wp-json\/wp\/v2\/comments?post=3613"}],"version-history":[{"count":0,"href":"https:\/\/elcafedepipa.com\/index.php\/wp-json\/wp\/v2\/posts\/3613\/revisions"}],"wp:attachment":[{"href":"https:\/\/elcafedepipa.com\/index.php\/wp-json\/wp\/v2\/media?parent=3613"}],"wp:term":[{"taxonomy":"category","embeddable":true,"href":"https:\/\/elcafedepipa.com\/index.php\/wp-json\/wp\/v2\/categories?post=3613"},{"taxonomy":"post_tag","embeddable":true,"href":"https:\/\/elcafedepipa.com\/index.php\/wp-json\/wp\/v2\/tags?post=3613"}],"curies":[{"name":"wp","href":"https:\/\/api.w.org\/{rel}","templated":true}]}}