{"id":3578,"date":"2024-07-24T13:40:10","date_gmt":"2024-07-24T11:40:10","guid":{"rendered":"https:\/\/elcafedepipa.com\/?p=3578"},"modified":"2024-07-24T13:40:12","modified_gmt":"2024-07-24T11:40:12","slug":"la-vall-duixo-restaurara-larbre-de-la-pau-aquest-estiu","status":"publish","type":"post","link":"https:\/\/elcafedepipa.com\/index.php\/2024\/07\/24\/la-vall-duixo-restaurara-larbre-de-la-pau-aquest-estiu\/","title":{"rendered":"La Vall d&#8217;Uix\u00f3 restaurar\u00e0 l&#8217;Arbre de la Pau aquest estiu"},"content":{"rendered":"\n<p style=\"font-size:24px\"><strong>L&#8217;escultura de Pere Ribera es completar\u00e0 21 anys despr\u00e9s de la seua creaci\u00f3<\/strong><\/p>\n\n\n\n<p>L&#8217;Ajuntament de la Vall d&#8217;Uix\u00f3 restaurar\u00e0 aquest estiu l&#8217;Arbre de la Pau, una escultura de Pere Ribera. Aquesta actuaci\u00f3 no sols posar\u00e0 en valor l&#8217;obra, sin\u00f3 que la completar\u00e0 tal com la va concebre el seu autor el 2001, durant el primer encontre d&#8217;artistes per la pau de la ciutat.<\/p>\n\n\n\n<p>El regidor de Cultura, Jorge Marqu\u00e9s, ha explicat que la proposta prov\u00e9 del Consell de Cultura, en el qual estan representades les associacions i la ciutadania, responent aix\u00ed a la inquietud per una cultura oberta i participativa. Per a la Vall, aix\u00f2 significa continuar sent un referent de pau a trav\u00e9s del Museu de la Pau, especialment en el context internacional de guerres i conflictes.<\/p>\n\n\n\n<p>La restauraci\u00f3 es completar\u00e0 al setembre i se celebrar\u00e0 un acte p\u00fablic per presentar el resultat final. Pere Ribera ha avan\u00e7at que s&#8217;instal\u00b7laran 10 fulles d&#8217;acer inoxidable de mirall amb mecanisme de rotaci\u00f3, que es mouran amb el vent i produiran destells com a s\u00edmbol de llum. A m\u00e9s, es repintar\u00e0 tota l&#8217;escultura i s&#8217;hi col\u00b7locar\u00e0 una plataforma per delimitar l&#8217;espai.<\/p>\n\n\n\n<p>Marqu\u00e9s ha destacat la import\u00e0ncia de valorar el patrimoni cuidant escultures que transmeten missatges de pau, drets humans, solidaritat, acollida i cooperaci\u00f3, projectant aquests valors tant a nivell local com internacional.<\/p>\n\n\n\n<p>L&#8217;Arbre de la Pau es va crear el desembre de 2001 i durant quatre anys va estar al Palau de Vivel. El 2005 es va traslladar a la seua ubicaci\u00f3 actual, a la Glorieta Mahatma Gandhi (Estaci\u00f3 d&#8217;Autobusos). En aquell moment, el 30 de gener s&#8217;encenien unes boles de foc a la part superior, coincidint amb el dia escolar de la pau, mentre els xiquets i xiquetes llegien desitjos per la pau.<\/p>\n\n\n\n<p>Encara que l&#8217;autor havia concebut l&#8217;obra amb fulles en forma de flama, aquesta mai es va completar. Fins aquest estiu, quan es tancar\u00e0 el cicle i l&#8217;Arbre de la Pau lluir\u00e0 acabat, tal com ho va idear l&#8217;artista local Pere Ribera i com ho ha demanat la Comissi\u00f3 de Cultura.<\/p>\n","protected":false},"excerpt":{"rendered":"<p>L&#8217;escultura de Pere Ribera es completar\u00e0 21 anys despr\u00e9s de la seua creaci\u00f3 L&#8217;Ajuntament de la Vall d&#8217;Uix\u00f3 restaurar\u00e0 aquest estiu l&#8217;Arbre de la Pau, una escultura de Pere Ribera. Aquesta actuaci\u00f3 no sols posar\u00e0 en valor l&#8217;obra, sin\u00f3 que la completar\u00e0 tal com la va concebre el seu autor el 2001, durant el primer &#8230; <a title=\"La Vall d&#8217;Uix\u00f3 restaurar\u00e0 l&#8217;Arbre de la Pau aquest estiu\" class=\"read-more\" href=\"https:\/\/elcafedepipa.com\/index.php\/2024\/07\/24\/la-vall-duixo-restaurara-larbre-de-la-pau-aquest-estiu\/\" aria-label=\"M\u00e9s informaci\u00f3 sobre La Vall d&#8217;Uix\u00f3 restaurar\u00e0 l&#8217;Arbre de la Pau aquest estiu\">Read more<\/a><\/p>\n","protected":false},"author":2,"featured_media":0,"comment_status":"closed","ping_status":"closed","sticky":false,"template":"","format":"standard","meta":{"om_disable_all_campaigns":false,"_monsterinsights_skip_tracking":false,"_monsterinsights_sitenote_active":false,"_monsterinsights_sitenote_note":"","_monsterinsights_sitenote_category":0,"_uf_show_specific_survey":0,"_uf_disable_surveys":false,"footnotes":""},"categories":[2],"tags":[],"class_list":["post-3578","post","type-post","status-publish","format-standard","hentry","category-lavallduixo"],"_links":{"self":[{"href":"https:\/\/elcafedepipa.com\/index.php\/wp-json\/wp\/v2\/posts\/3578","targetHints":{"allow":["GET"]}}],"collection":[{"href":"https:\/\/elcafedepipa.com\/index.php\/wp-json\/wp\/v2\/posts"}],"about":[{"href":"https:\/\/elcafedepipa.com\/index.php\/wp-json\/wp\/v2\/types\/post"}],"author":[{"embeddable":true,"href":"https:\/\/elcafedepipa.com\/index.php\/wp-json\/wp\/v2\/users\/2"}],"replies":[{"embeddable":true,"href":"https:\/\/elcafedepipa.com\/index.php\/wp-json\/wp\/v2\/comments?post=3578"}],"version-history":[{"count":0,"href":"https:\/\/elcafedepipa.com\/index.php\/wp-json\/wp\/v2\/posts\/3578\/revisions"}],"wp:attachment":[{"href":"https:\/\/elcafedepipa.com\/index.php\/wp-json\/wp\/v2\/media?parent=3578"}],"wp:term":[{"taxonomy":"category","embeddable":true,"href":"https:\/\/elcafedepipa.com\/index.php\/wp-json\/wp\/v2\/categories?post=3578"},{"taxonomy":"post_tag","embeddable":true,"href":"https:\/\/elcafedepipa.com\/index.php\/wp-json\/wp\/v2\/tags?post=3578"}],"curies":[{"name":"wp","href":"https:\/\/api.w.org\/{rel}","templated":true}]}}