{"id":3568,"date":"2024-07-24T14:08:49","date_gmt":"2024-07-24T12:08:49","guid":{"rendered":"https:\/\/elcafedepipa.com\/?p=3568"},"modified":"2024-07-24T14:08:52","modified_gmt":"2024-07-24T12:08:52","slug":"podcast-compromis-reitera-a-la-generalitat-la-necessitat-de-complir-amb-els-terminis-de-la-llei-de-dependencia","status":"publish","type":"post","link":"https:\/\/elcafedepipa.com\/index.php\/2024\/07\/24\/podcast-compromis-reitera-a-la-generalitat-la-necessitat-de-complir-amb-els-terminis-de-la-llei-de-dependencia\/","title":{"rendered":"Podcast | Comprom\u00eds reitera a la Generalitat la necessitat de complir amb els terminis de la Llei de Depend\u00e8ncia"},"content":{"rendered":"\n<p><strong>\u00c0UDIO |<\/strong> Jorge Marqu\u00e9s, regidor de Serveis Socials a l&#8217;Ajuntament de la Vall d&#8217;Uix\u00f3, acompanyat de Nathalie Torres, Vicent Granel i Vero Ruiz, diputats auton\u00f2mics de Comprom\u00eds, denuncia p\u00fablicament la necessitat que la Generalitat done resposta a les sol\u00b7licituds de la Llei de Depend\u00e8ncia.<\/p>\n\n\n\n<figure class=\"wp-block-audio\"><audio controls src=\"https:\/\/elcafedepipa.com\/wp-content\/uploads\/2024\/07\/compromis24jul.mp3\"><\/audio><\/figure>\n","protected":false},"excerpt":{"rendered":"<p>\u00c0UDIO | Jorge Marqu\u00e9s, regidor de Serveis Socials a l&#8217;Ajuntament de la Vall d&#8217;Uix\u00f3, acompanyat de Nathalie Torres, Vicent Granel i Vero Ruiz, diputats auton\u00f2mics de Comprom\u00eds, denuncia p\u00fablicament la necessitat que la Generalitat done resposta a les sol\u00b7licituds de la Llei de Depend\u00e8ncia.<\/p>\n","protected":false},"author":2,"featured_media":0,"comment_status":"closed","ping_status":"closed","sticky":false,"template":"","format":"standard","meta":{"om_disable_all_campaigns":false,"_monsterinsights_skip_tracking":false,"_monsterinsights_sitenote_active":false,"_monsterinsights_sitenote_note":"","_monsterinsights_sitenote_category":0,"_uf_show_specific_survey":0,"_uf_disable_surveys":false,"footnotes":""},"categories":[2],"tags":[],"class_list":["post-3568","post","type-post","status-publish","format-standard","hentry","category-lavallduixo"],"_links":{"self":[{"href":"https:\/\/elcafedepipa.com\/index.php\/wp-json\/wp\/v2\/posts\/3568","targetHints":{"allow":["GET"]}}],"collection":[{"href":"https:\/\/elcafedepipa.com\/index.php\/wp-json\/wp\/v2\/posts"}],"about":[{"href":"https:\/\/elcafedepipa.com\/index.php\/wp-json\/wp\/v2\/types\/post"}],"author":[{"embeddable":true,"href":"https:\/\/elcafedepipa.com\/index.php\/wp-json\/wp\/v2\/users\/2"}],"replies":[{"embeddable":true,"href":"https:\/\/elcafedepipa.com\/index.php\/wp-json\/wp\/v2\/comments?post=3568"}],"version-history":[{"count":0,"href":"https:\/\/elcafedepipa.com\/index.php\/wp-json\/wp\/v2\/posts\/3568\/revisions"}],"wp:attachment":[{"href":"https:\/\/elcafedepipa.com\/index.php\/wp-json\/wp\/v2\/media?parent=3568"}],"wp:term":[{"taxonomy":"category","embeddable":true,"href":"https:\/\/elcafedepipa.com\/index.php\/wp-json\/wp\/v2\/categories?post=3568"},{"taxonomy":"post_tag","embeddable":true,"href":"https:\/\/elcafedepipa.com\/index.php\/wp-json\/wp\/v2\/tags?post=3568"}],"curies":[{"name":"wp","href":"https:\/\/api.w.org\/{rel}","templated":true}]}}