{"id":3540,"date":"2024-07-24T13:36:19","date_gmt":"2024-07-24T11:36:19","guid":{"rendered":"https:\/\/elcafedepipa.com\/?p=3540"},"modified":"2024-07-24T13:36:20","modified_gmt":"2024-07-24T11:36:20","slug":"podcast-tot-preparat-per-a-la-setena-edicio-del-castro-festival","status":"publish","type":"post","link":"https:\/\/elcafedepipa.com\/index.php\/2024\/07\/24\/podcast-tot-preparat-per-a-la-setena-edicio-del-castro-festival\/","title":{"rendered":"Podcast | Tot preparat per a la setena edici\u00f3 del Castro Festival"},"content":{"rendered":"\n<p><strong>\u00c0UDIO |<\/strong> La setena edici\u00f3 del Castro Festival arrancar\u00e0 el pr\u00f2xim 31 de juliol i portar\u00e0 ball, teatre, titelles, pasacarrers i tallers pels carrers d&#8217;Alfondeguilla, Artana i Ch\u00f3var fins al diumenge 4 d&#8217;agost. Ens ho conten Rebeca Castro i Carles Benlliure, des de la companyia organitzadora CeBe Muntatges Teatrals, i Salva Ventura, alcalde d&#8217;Alfondeguilla. <\/p>\n\n\n\n<figure class=\"wp-block-audio\"><audio controls src=\"https:\/\/elcafedepipa.com\/wp-content\/uploads\/2024\/07\/castro24jul-1.mp3\"><\/audio><\/figure>\n","protected":false},"excerpt":{"rendered":"<p>\u00c0UDIO | La setena edici\u00f3 del Castro Festival arrancar\u00e0 el pr\u00f2xim 31 de juliol i portar\u00e0 ball, teatre, titelles, pasacarrers i tallers pels carrers d&#8217;Alfondeguilla, Artana i Ch\u00f3var fins al diumenge 4 d&#8217;agost. Ens ho conten Rebeca Castro i Carles Benlliure, des de la companyia organitzadora CeBe Muntatges Teatrals, i Salva Ventura, alcalde d&#8217;Alfondeguilla.<\/p>\n","protected":false},"author":2,"featured_media":0,"comment_status":"closed","ping_status":"closed","sticky":false,"template":"","format":"standard","meta":{"om_disable_all_campaigns":false,"_monsterinsights_skip_tracking":false,"_monsterinsights_sitenote_active":false,"_monsterinsights_sitenote_note":"","_monsterinsights_sitenote_category":0,"_uf_show_specific_survey":0,"_uf_disable_surveys":false,"footnotes":""},"categories":[9],"tags":[],"class_list":["post-3540","post","type-post","status-publish","format-standard","hentry","category-alfondeguilla"],"_links":{"self":[{"href":"https:\/\/elcafedepipa.com\/index.php\/wp-json\/wp\/v2\/posts\/3540","targetHints":{"allow":["GET"]}}],"collection":[{"href":"https:\/\/elcafedepipa.com\/index.php\/wp-json\/wp\/v2\/posts"}],"about":[{"href":"https:\/\/elcafedepipa.com\/index.php\/wp-json\/wp\/v2\/types\/post"}],"author":[{"embeddable":true,"href":"https:\/\/elcafedepipa.com\/index.php\/wp-json\/wp\/v2\/users\/2"}],"replies":[{"embeddable":true,"href":"https:\/\/elcafedepipa.com\/index.php\/wp-json\/wp\/v2\/comments?post=3540"}],"version-history":[{"count":0,"href":"https:\/\/elcafedepipa.com\/index.php\/wp-json\/wp\/v2\/posts\/3540\/revisions"}],"wp:attachment":[{"href":"https:\/\/elcafedepipa.com\/index.php\/wp-json\/wp\/v2\/media?parent=3540"}],"wp:term":[{"taxonomy":"category","embeddable":true,"href":"https:\/\/elcafedepipa.com\/index.php\/wp-json\/wp\/v2\/categories?post=3540"},{"taxonomy":"post_tag","embeddable":true,"href":"https:\/\/elcafedepipa.com\/index.php\/wp-json\/wp\/v2\/tags?post=3540"}],"curies":[{"name":"wp","href":"https:\/\/api.w.org\/{rel}","templated":true}]}}