{"id":3533,"date":"2024-07-24T09:37:18","date_gmt":"2024-07-24T07:37:18","guid":{"rendered":"https:\/\/elcafedepipa.com\/?p=3533"},"modified":"2024-07-24T09:37:19","modified_gmt":"2024-07-24T07:37:19","slug":"el-pp-de-la-vall-duixo-demana-explicacions-per-les-obres-al-cami-de-laigua","status":"publish","type":"post","link":"https:\/\/elcafedepipa.com\/index.php\/2024\/07\/24\/el-pp-de-la-vall-duixo-demana-explicacions-per-les-obres-al-cami-de-laigua\/","title":{"rendered":"El PP de la Vall d&#8217;Uix\u00f3 demana explicacions per les obres al Cam\u00ed de l&#8217;Aigua"},"content":{"rendered":"\n<p style=\"font-size:24px\"><strong>Els residents critiquen les mol\u00e8sties i la paralitzaci\u00f3 de les obres des del 18 de juliol<\/strong><\/p>\n\n\n\n<p>El Partit Popular de la Vall d\u2019Uix\u00f3 ha registrat una sol\u00b7licitud d\u2019informaci\u00f3 sobre les obres al Cam\u00ed de l\u2019Aigua, que han generat dures cr\u00edtiques dels ve\u00efns. Els residents denuncien habitatges bloquejats fins a 72 hores, clavegueres obertes per tot el barri i males olors insuportables.<\/p>\n\n\n\n<p>El portaveu del PP a la Vall,&nbsp;Herminio&nbsp;Serra, ha explicat que volen&nbsp;con\u00e9ixer&nbsp;el pla de l&#8217;obra,&nbsp;at\u00e9s&nbsp;que les actuacions estan paralitzades des del passat 18 de juliol. Serra ha demanat a l\u2019equip de govern de la socialista&nbsp;Tania&nbsp;Ba\u00f1os&nbsp;que explique la situaci\u00f3 real del projecte i els motius de la paralitzaci\u00f3.<\/p>\n\n\n\n<p>El PP ha informat que el dilluns 22 de juliol es va mantenir una reuni\u00f3 entre l\u2019ajuntament i l\u2019empresa adjudicat\u00e0ria. Serra ha insistit que \u00e9s crucial que el govern local atenga les queixes dels ve\u00efns i proporcione la informaci\u00f3 necess\u00e0ria&nbsp;per a&nbsp;dissipar la inquietud causada per la paralitzaci\u00f3 de les obres.<\/p>\n\n\n\n<p><\/p>\n","protected":false},"excerpt":{"rendered":"<p>Els residents critiquen les mol\u00e8sties i la paralitzaci\u00f3 de les obres des del 18 de juliol El Partit Popular de la Vall d\u2019Uix\u00f3 ha registrat una sol\u00b7licitud d\u2019informaci\u00f3 sobre les obres al Cam\u00ed de l\u2019Aigua, que han generat dures cr\u00edtiques dels ve\u00efns. Els residents denuncien habitatges bloquejats fins a 72 hores, clavegueres obertes per tot &#8230; <a title=\"El PP de la Vall d&#8217;Uix\u00f3 demana explicacions per les obres al Cam\u00ed de l&#8217;Aigua\" class=\"read-more\" href=\"https:\/\/elcafedepipa.com\/index.php\/2024\/07\/24\/el-pp-de-la-vall-duixo-demana-explicacions-per-les-obres-al-cami-de-laigua\/\" aria-label=\"M\u00e9s informaci\u00f3 sobre El PP de la Vall d&#8217;Uix\u00f3 demana explicacions per les obres al Cam\u00ed de l&#8217;Aigua\">Read more<\/a><\/p>\n","protected":false},"author":2,"featured_media":0,"comment_status":"closed","ping_status":"closed","sticky":false,"template":"","format":"standard","meta":{"om_disable_all_campaigns":false,"_monsterinsights_skip_tracking":false,"_monsterinsights_sitenote_active":false,"_monsterinsights_sitenote_note":"","_monsterinsights_sitenote_category":0,"_uf_show_specific_survey":0,"_uf_disable_surveys":false,"footnotes":""},"categories":[2],"tags":[],"class_list":["post-3533","post","type-post","status-publish","format-standard","hentry","category-lavallduixo"],"_links":{"self":[{"href":"https:\/\/elcafedepipa.com\/index.php\/wp-json\/wp\/v2\/posts\/3533","targetHints":{"allow":["GET"]}}],"collection":[{"href":"https:\/\/elcafedepipa.com\/index.php\/wp-json\/wp\/v2\/posts"}],"about":[{"href":"https:\/\/elcafedepipa.com\/index.php\/wp-json\/wp\/v2\/types\/post"}],"author":[{"embeddable":true,"href":"https:\/\/elcafedepipa.com\/index.php\/wp-json\/wp\/v2\/users\/2"}],"replies":[{"embeddable":true,"href":"https:\/\/elcafedepipa.com\/index.php\/wp-json\/wp\/v2\/comments?post=3533"}],"version-history":[{"count":0,"href":"https:\/\/elcafedepipa.com\/index.php\/wp-json\/wp\/v2\/posts\/3533\/revisions"}],"wp:attachment":[{"href":"https:\/\/elcafedepipa.com\/index.php\/wp-json\/wp\/v2\/media?parent=3533"}],"wp:term":[{"taxonomy":"category","embeddable":true,"href":"https:\/\/elcafedepipa.com\/index.php\/wp-json\/wp\/v2\/categories?post=3533"},{"taxonomy":"post_tag","embeddable":true,"href":"https:\/\/elcafedepipa.com\/index.php\/wp-json\/wp\/v2\/tags?post=3533"}],"curies":[{"name":"wp","href":"https:\/\/api.w.org\/{rel}","templated":true}]}}