{"id":3526,"date":"2024-07-23T15:19:50","date_gmt":"2024-07-23T13:19:50","guid":{"rendered":"https:\/\/elcafedepipa.com\/?p=3526"},"modified":"2024-07-23T15:19:53","modified_gmt":"2024-07-23T13:19:53","slug":"lajuntament-dalmenara-aposta-de-nou-per-banderes-de-platja-adaptades-al-codi-coloradd","status":"publish","type":"post","link":"https:\/\/elcafedepipa.com\/index.php\/2024\/07\/23\/lajuntament-dalmenara-aposta-de-nou-per-banderes-de-platja-adaptades-al-codi-coloradd\/","title":{"rendered":"L&#8217;Ajuntament d&#8217;Almenara aposta de nou per banderes de platja adaptades al codi ColorADD"},"content":{"rendered":"\n<p>Un any m\u00e9s les banderes que informen de l\u2019estat de la mar a la Platja Casablanca d\u2019Almenara estan adaptades al codi ColorADD per a que les persones que pateixen daltonisme o discromat\u00f2psia puguen distingir quan est\u00e0 perm\u00e9s o no prendre el bany, ja que com es sabut, tenen dificultats per a identificar els colors.<\/p>\n\n\n\n<p>D\u2019aquesta manera, un any m\u00e9s, l\u2019Ajuntament d\u2019Almenara aposta per tindre una platja m\u00e9s inclusiva facilitant el reconeixement de l\u2019estat de la mar i si es pot o no prendre el bany a les persones amb dificultats per a identificar els colors, utilitzant aquest codi universal<\/p>\n","protected":false},"excerpt":{"rendered":"<p>Un any m\u00e9s les banderes que informen de l\u2019estat de la mar a la Platja Casablanca d\u2019Almenara estan adaptades al codi ColorADD per a que les persones que pateixen daltonisme o discromat\u00f2psia puguen distingir quan est\u00e0 perm\u00e9s o no prendre el bany, ja que com es sabut, tenen dificultats per a identificar els colors. D\u2019aquesta &#8230; <a title=\"L&#8217;Ajuntament d&#8217;Almenara aposta de nou per banderes de platja adaptades al codi ColorADD\" class=\"read-more\" href=\"https:\/\/elcafedepipa.com\/index.php\/2024\/07\/23\/lajuntament-dalmenara-aposta-de-nou-per-banderes-de-platja-adaptades-al-codi-coloradd\/\" aria-label=\"M\u00e9s informaci\u00f3 sobre L&#8217;Ajuntament d&#8217;Almenara aposta de nou per banderes de platja adaptades al codi ColorADD\">Read more<\/a><\/p>\n","protected":false},"author":2,"featured_media":0,"comment_status":"closed","ping_status":"closed","sticky":false,"template":"","format":"standard","meta":{"om_disable_all_campaigns":false,"_monsterinsights_skip_tracking":false,"_monsterinsights_sitenote_active":false,"_monsterinsights_sitenote_note":"","_monsterinsights_sitenote_category":0,"_uf_show_specific_survey":0,"_uf_disable_surveys":false,"footnotes":""},"categories":[5],"tags":[],"class_list":["post-3526","post","type-post","status-publish","format-standard","hentry","category-almenara"],"_links":{"self":[{"href":"https:\/\/elcafedepipa.com\/index.php\/wp-json\/wp\/v2\/posts\/3526","targetHints":{"allow":["GET"]}}],"collection":[{"href":"https:\/\/elcafedepipa.com\/index.php\/wp-json\/wp\/v2\/posts"}],"about":[{"href":"https:\/\/elcafedepipa.com\/index.php\/wp-json\/wp\/v2\/types\/post"}],"author":[{"embeddable":true,"href":"https:\/\/elcafedepipa.com\/index.php\/wp-json\/wp\/v2\/users\/2"}],"replies":[{"embeddable":true,"href":"https:\/\/elcafedepipa.com\/index.php\/wp-json\/wp\/v2\/comments?post=3526"}],"version-history":[{"count":0,"href":"https:\/\/elcafedepipa.com\/index.php\/wp-json\/wp\/v2\/posts\/3526\/revisions"}],"wp:attachment":[{"href":"https:\/\/elcafedepipa.com\/index.php\/wp-json\/wp\/v2\/media?parent=3526"}],"wp:term":[{"taxonomy":"category","embeddable":true,"href":"https:\/\/elcafedepipa.com\/index.php\/wp-json\/wp\/v2\/categories?post=3526"},{"taxonomy":"post_tag","embeddable":true,"href":"https:\/\/elcafedepipa.com\/index.php\/wp-json\/wp\/v2\/tags?post=3526"}],"curies":[{"name":"wp","href":"https:\/\/api.w.org\/{rel}","templated":true}]}}