{"id":3477,"date":"2024-07-23T12:25:33","date_gmt":"2024-07-23T10:25:33","guid":{"rendered":"https:\/\/elcafedepipa.com\/?p=3477"},"modified":"2024-07-23T12:25:34","modified_gmt":"2024-07-23T10:25:34","slug":"la-vall-duixo-rehabilita-el-deposit-redo-del-nord-de-carbonaire","status":"publish","type":"post","link":"https:\/\/elcafedepipa.com\/index.php\/2024\/07\/23\/la-vall-duixo-rehabilita-el-deposit-redo-del-nord-de-carbonaire\/","title":{"rendered":"La Vall d&#8217;Uix\u00f3 rehabilita el Dep\u00f2sit Red\u00f3 del nord de Carbonaire"},"content":{"rendered":"\n<p style=\"font-size:24px\"><strong>L&#8217;objectiu \u00e9s millorar l&#8217;abastiment d&#8217;aigua potable davant la sequera<\/strong><\/p>\n\n\n\n<p>L\u2019Ajuntament de la Vall d\u2019Uix\u00f3 est\u00e0 rehabilitant el Dep\u00f2sit Red\u00f3, situat al nord del barri&nbsp;Carbonaire, amb una capacitat de 1.800 m\u00b3. Les obres inclouen la reparaci\u00f3 de les&nbsp;bovedilles&nbsp;del sostre malmeses pel pas del temps i la humitat, la construcci\u00f3 de 20 nous pilars, i el refor\u00e7 del forjat i les estructures de ferro.<\/p>\n\n\n\n<p>El dip\u00f2sit s&#8217;ha buidat per a&nbsp;acomplir&nbsp;aquestes tasques i s&#8217;ha sanejat, desinfectat i netejat tot l\u2019interior. L&#8217;alcaldessa,&nbsp;Tania&nbsp;Ba\u00f1os, i el regidor de Serveis Urbans, Fernando&nbsp;Dar\u00f2s, han visitat les instal\u00b7lacions, subratllant que en l&#8217;actual situaci\u00f3 de manca de pluges \u201c\u00e9s fonamental mantenir totes les infraestructures h\u00eddriques en bon estat per a garantir l&#8217;abastiment d&#8217;aigua potable si la sequera empitjora\u201d.<\/p>\n\n\n\n<p>La Vall d\u2019Uix\u00f3 compta amb dos dip\u00f2sits d&#8217;aigua potable, i aquest \u00e9s el m\u00e9s gran. Feia&nbsp;20&nbsp;anys que no s&#8217;hi feia una actuaci\u00f3 estructural i, en detectar-se risc de despreniments al sostre, \u201chem decidit actuar immediatament\u201d en col\u00b7laboraci\u00f3 amb&nbsp;Facsa, l&#8217;empresa concession\u00e0ria del servei del cicle integral de l\u2019aigua. S&#8217;han invertit 60.000 euros en aquesta actuaci\u00f3 \u201cque no es veu, per\u00f2 t\u00e9 un impacte significatiu en la poblaci\u00f3\u201d.<\/p>\n\n\n\n<p>L&#8217;objectiu \u00e9s que, amb aquesta rehabilitaci\u00f3, el Dep\u00f2sit Red\u00f3&nbsp;puga&nbsp;donar servei sense problemes durant&nbsp;20&nbsp;anys m\u00e9s. En aquest sentit, han reiterat que actualment la xarxa d&#8217;aigua potable \u201cperd el 40% de l\u2019aigua que entra\u201d, per la qual cosa s&#8217;ha augmentat el pressupost destinat a \u201creduir les p\u00e8rdues i les fuites, renovant les infraestructures\u201d. Aquest dip\u00f2sit garanteix \u201cel subministrament d&#8217;aigua potable a la ciutat davant qualsevol imprevist o incident, gr\u00e0cies a la&nbsp;seua&nbsp;gran capacitat\u201d.<\/p>\n","protected":false},"excerpt":{"rendered":"<p>L&#8217;objectiu \u00e9s millorar l&#8217;abastiment d&#8217;aigua potable davant la sequera L\u2019Ajuntament de la Vall d\u2019Uix\u00f3 est\u00e0 rehabilitant el Dep\u00f2sit Red\u00f3, situat al nord del barri&nbsp;Carbonaire, amb una capacitat de 1.800 m\u00b3. Les obres inclouen la reparaci\u00f3 de les&nbsp;bovedilles&nbsp;del sostre malmeses pel pas del temps i la humitat, la construcci\u00f3 de 20 nous pilars, i el refor\u00e7 &#8230; <a title=\"La Vall d&#8217;Uix\u00f3 rehabilita el Dep\u00f2sit Red\u00f3 del nord de Carbonaire\" class=\"read-more\" href=\"https:\/\/elcafedepipa.com\/index.php\/2024\/07\/23\/la-vall-duixo-rehabilita-el-deposit-redo-del-nord-de-carbonaire\/\" aria-label=\"M\u00e9s informaci\u00f3 sobre La Vall d&#8217;Uix\u00f3 rehabilita el Dep\u00f2sit Red\u00f3 del nord de Carbonaire\">Read more<\/a><\/p>\n","protected":false},"author":2,"featured_media":0,"comment_status":"closed","ping_status":"closed","sticky":false,"template":"","format":"standard","meta":{"om_disable_all_campaigns":false,"_monsterinsights_skip_tracking":false,"_monsterinsights_sitenote_active":false,"_monsterinsights_sitenote_note":"","_monsterinsights_sitenote_category":0,"_uf_show_specific_survey":0,"_uf_disable_surveys":false,"footnotes":""},"categories":[2],"tags":[],"class_list":["post-3477","post","type-post","status-publish","format-standard","hentry","category-lavallduixo"],"_links":{"self":[{"href":"https:\/\/elcafedepipa.com\/index.php\/wp-json\/wp\/v2\/posts\/3477","targetHints":{"allow":["GET"]}}],"collection":[{"href":"https:\/\/elcafedepipa.com\/index.php\/wp-json\/wp\/v2\/posts"}],"about":[{"href":"https:\/\/elcafedepipa.com\/index.php\/wp-json\/wp\/v2\/types\/post"}],"author":[{"embeddable":true,"href":"https:\/\/elcafedepipa.com\/index.php\/wp-json\/wp\/v2\/users\/2"}],"replies":[{"embeddable":true,"href":"https:\/\/elcafedepipa.com\/index.php\/wp-json\/wp\/v2\/comments?post=3477"}],"version-history":[{"count":0,"href":"https:\/\/elcafedepipa.com\/index.php\/wp-json\/wp\/v2\/posts\/3477\/revisions"}],"wp:attachment":[{"href":"https:\/\/elcafedepipa.com\/index.php\/wp-json\/wp\/v2\/media?parent=3477"}],"wp:term":[{"taxonomy":"category","embeddable":true,"href":"https:\/\/elcafedepipa.com\/index.php\/wp-json\/wp\/v2\/categories?post=3477"},{"taxonomy":"post_tag","embeddable":true,"href":"https:\/\/elcafedepipa.com\/index.php\/wp-json\/wp\/v2\/tags?post=3477"}],"curies":[{"name":"wp","href":"https:\/\/api.w.org\/{rel}","templated":true}]}}