{"id":3452,"date":"2024-07-22T15:50:11","date_gmt":"2024-07-22T13:50:11","guid":{"rendered":"https:\/\/elcafedepipa.com\/?p=3452"},"modified":"2024-07-22T15:53:43","modified_gmt":"2024-07-22T13:53:43","slug":"nules-tanca-amb-exit-el-curs-de-monitor-dactivitats-de-temps-lliure","status":"publish","type":"post","link":"https:\/\/elcafedepipa.com\/index.php\/2024\/07\/22\/nules-tanca-amb-exit-el-curs-de-monitor-dactivitats-de-temps-lliure\/","title":{"rendered":"Nules tanca amb \u00e8xit el Curs de Monitor d\u2019Activitats de Temps Lliure"},"content":{"rendered":"\n<p><strong>Hi participen una trentena de joves que s\u2019han format per a organitzar, dinamitzar i avaluar activitats d\u2019oci<\/strong><\/p>\n\n\n\n<p>Nules ha concl\u00f2s amb \u00e8xit el Curs de Monitor d\u2019Activitats de Temps Lliure, homologat per l\u2019Institut Valenci\u00e0 de la Joventut (IVAJ). Aquest curs capacita l\u2019alumnat per a portar a terme activitats d\u2019oci i temps lliure dirigides a la poblaci\u00f3 infantil i juvenil, i inclou una part te\u00f2rica i una altra pr\u00e0ctica.<\/p>\n\n\n\n<p>L\u2019alcalde, David&nbsp;Garc\u00eda, i la regidora de Joventut, Blanca Silvestre, han visitat recentment l\u2019alumnat per acomiadar-lo. En total, 34 joves han participat en aquesta edici\u00f3, formant-se per a organitzar, dinamitzar i avaluar diverses activitats d\u2019oci i temps lliure per a infants i joves. Han apr\u00e9s a aplicar t\u00e8cniques espec\u00edfiques d\u2019animaci\u00f3 grupal, incidint en l\u2019educaci\u00f3 en valors i atenent tamb\u00e9 les mesures b\u00e0siques de seguretat i prevenci\u00f3 de riscs.<\/p>\n\n\n\n<p>Des de la regidoria de Joventut, s\u2019assenyala que aquests cursos tenen una molt bona acceptaci\u00f3. La regidora Blanca Silvestre ha destacat que &#8220;en aquesta edici\u00f3 el nombre de participants ha estat el m\u00e0xim&nbsp;perm\u00e9s&nbsp;i amb llista d\u2019espera&#8221;.<\/p>\n\n\n\n<p>Davant la gran acollida i demanda, l\u2019Ajuntament de Nules donar\u00e0 continu\u00eftat l\u2019any que ve tant al curs de formaci\u00f3 no reglada de Monitor\/a d\u2019Activitats de Temps Lliure Educatiu Infantil i Juvenil, com al de Monitor de Menjador en Centres Educatius.<\/p>\n","protected":false},"excerpt":{"rendered":"<p>Hi participen una trentena de joves que s\u2019han format per a organitzar, dinamitzar i avaluar activitats d\u2019oci Nules ha concl\u00f2s amb \u00e8xit el Curs de Monitor d\u2019Activitats de Temps Lliure, homologat per l\u2019Institut Valenci\u00e0 de la Joventut (IVAJ). Aquest curs capacita l\u2019alumnat per a portar a terme activitats d\u2019oci i temps lliure dirigides a la &#8230; <a title=\"Nules tanca amb \u00e8xit el Curs de Monitor d\u2019Activitats de Temps Lliure\" class=\"read-more\" href=\"https:\/\/elcafedepipa.com\/index.php\/2024\/07\/22\/nules-tanca-amb-exit-el-curs-de-monitor-dactivitats-de-temps-lliure\/\" aria-label=\"M\u00e9s informaci\u00f3 sobre Nules tanca amb \u00e8xit el Curs de Monitor d\u2019Activitats de Temps Lliure\">Read more<\/a><\/p>\n","protected":false},"author":2,"featured_media":0,"comment_status":"closed","ping_status":"closed","sticky":false,"template":"","format":"standard","meta":{"om_disable_all_campaigns":false,"_monsterinsights_skip_tracking":false,"_monsterinsights_sitenote_active":false,"_monsterinsights_sitenote_note":"","_monsterinsights_sitenote_category":0,"_uf_show_specific_survey":0,"_uf_disable_surveys":false,"footnotes":""},"categories":[3],"tags":[],"class_list":["post-3452","post","type-post","status-publish","format-standard","hentry","category-nules"],"_links":{"self":[{"href":"https:\/\/elcafedepipa.com\/index.php\/wp-json\/wp\/v2\/posts\/3452","targetHints":{"allow":["GET"]}}],"collection":[{"href":"https:\/\/elcafedepipa.com\/index.php\/wp-json\/wp\/v2\/posts"}],"about":[{"href":"https:\/\/elcafedepipa.com\/index.php\/wp-json\/wp\/v2\/types\/post"}],"author":[{"embeddable":true,"href":"https:\/\/elcafedepipa.com\/index.php\/wp-json\/wp\/v2\/users\/2"}],"replies":[{"embeddable":true,"href":"https:\/\/elcafedepipa.com\/index.php\/wp-json\/wp\/v2\/comments?post=3452"}],"version-history":[{"count":0,"href":"https:\/\/elcafedepipa.com\/index.php\/wp-json\/wp\/v2\/posts\/3452\/revisions"}],"wp:attachment":[{"href":"https:\/\/elcafedepipa.com\/index.php\/wp-json\/wp\/v2\/media?parent=3452"}],"wp:term":[{"taxonomy":"category","embeddable":true,"href":"https:\/\/elcafedepipa.com\/index.php\/wp-json\/wp\/v2\/categories?post=3452"},{"taxonomy":"post_tag","embeddable":true,"href":"https:\/\/elcafedepipa.com\/index.php\/wp-json\/wp\/v2\/tags?post=3452"}],"curies":[{"name":"wp","href":"https:\/\/api.w.org\/{rel}","templated":true}]}}