{"id":3424,"date":"2024-07-22T13:33:15","date_gmt":"2024-07-22T11:33:15","guid":{"rendered":"https:\/\/elcafedepipa.com\/?p=3424"},"modified":"2024-07-22T13:33:16","modified_gmt":"2024-07-22T11:33:16","slug":"el-centre-de-transformacio-digital-de-la-vall-duixo-acull-el-consorci-del-pacte-territorial-per-locupacio","status":"publish","type":"post","link":"https:\/\/elcafedepipa.com\/index.php\/2024\/07\/22\/el-centre-de-transformacio-digital-de-la-vall-duixo-acull-el-consorci-del-pacte-territorial-per-locupacio\/","title":{"rendered":"El Centre de Transformaci\u00f3 Digital de la Vall d\u2019Uix\u00f3 acull el Consorci del Pacte Territorial per l\u2019Ocupaci\u00f3"},"content":{"rendered":"\n<p style=\"font-size:24px\"><strong>Est\u00e0 situat a la primera planta del Mercat Municipal i finan\u00e7at pels fons europeus Next Generation EU<\/strong><\/p>\n\n\n\n<p>El Centre de Transformaci\u00f3 Digital (CTD) de la Vall d\u2019Uix\u00f3 \u00e9s la nova seu del Consorci del Pacte Territorial per l\u2019Ocupaci\u00f3 de la Plana Baixa, situat a la primera planta del Mercat Municipal i finan\u00e7at pels fons europeus Next Generation EU.<\/p>\n\n\n\n<p>Representants municipals de la comarca, junt amb l\u2019alcaldessa de la Vall d\u2019Uix\u00f3 i presidenta del pacte,&nbsp;Tania&nbsp;Ba\u00f1os, han visitat al personal del consorci. En aquest nou espai s\u2019ofereixen serveis en ocupaci\u00f3, ind\u00fastria, comer\u00e7, turisme i assessorament en transformaci\u00f3 digital.<\/p>\n\n\n\n<p>Ba\u00f1os\u00a0ha ressaltat: &#8220;El\u00a0CTD\u00a0aporta un valor afegit a l\u2019economia del nostre territori i ofereix formaci\u00f3 contra la bretxa digital\u00a0perqu\u00e8\u00a0ning\u00fa es quede arrere&#8221;. El centre \u00e9s un espai de formaci\u00f3 en habilitats i eines digitals, assessorament a empreses i hub digital per fomentar la innovaci\u00f3 i el treball col\u00b7laboratiu.<\/p>\n\n\n\n<p>A m\u00e9s,\u00a0Ba\u00f1os\u00a0ha indicat que el\u00a0CTD\u00a0ser\u00e0 un punt de generaci\u00f3 i retenci\u00f3 de talent i captaci\u00f3 d\u2019inversors. S\u2019est\u00e0 preparant un programa d\u2019emprenedoria que oferir\u00e0 cinc despatxos a persones amb idees de negoci o empreses en fase inicial relacionades amb la digitalitzaci\u00f3 i les tecnologies.<\/p>\n\n\n\n<p>El Pacte Territorial per l\u2019Ocupaci\u00f3 de la Plana Baixa treballa conjuntament per oferir solucions a problemes comuns de tots els municipis de la comarca. Per aix\u00f2, el&nbsp;CTD&nbsp;ofereix els seus serveis no nom\u00e9s a la Vall d\u2019Uix\u00f3 sin\u00f3 a tota la comarca.<\/p>\n\n\n\n<p><strong>Infraestructures i Activitats del\u00a0CTD<\/strong><br>Les obres del\u00a0CTD\u00a0han estat finan\u00e7ades per la Uni\u00f3 Europea a trav\u00e9s dels fons Next Generation EU, gestionats pel Govern d\u2019Espanya dins del Pla de Recuperaci\u00f3, Transformaci\u00f3 i Resili\u00e8ncia. A m\u00e9s dels despatxos, el\u00a0CTD\u00a0t\u00e9\u00a0sales de reunions, una sala de formaci\u00f3 homologada, una zona\u00a0coworking\u00a0i un espai d\u2019eines digitals.<\/p>\n\n\n\n<p>Fins a finals d\u2019any s\u2019han programat 80 activitats gratu\u00eftes sobre IoT, comunicaci\u00f3 5G, intel\u00b7lig\u00e8ncia artificial,&nbsp;blockchain, centres de dades, ciberseguretat, \u00fas de xarxes socials i comer\u00e7 electr\u00f2nic.<\/p>\n","protected":false},"excerpt":{"rendered":"<p>Est\u00e0 situat a la primera planta del Mercat Municipal i finan\u00e7at pels fons europeus Next Generation EU El Centre de Transformaci\u00f3 Digital (CTD) de la Vall d\u2019Uix\u00f3 \u00e9s la nova seu del Consorci del Pacte Territorial per l\u2019Ocupaci\u00f3 de la Plana Baixa, situat a la primera planta del Mercat Municipal i finan\u00e7at pels fons europeus &#8230; <a title=\"El Centre de Transformaci\u00f3 Digital de la Vall d\u2019Uix\u00f3 acull el Consorci del Pacte Territorial per l\u2019Ocupaci\u00f3\" class=\"read-more\" href=\"https:\/\/elcafedepipa.com\/index.php\/2024\/07\/22\/el-centre-de-transformacio-digital-de-la-vall-duixo-acull-el-consorci-del-pacte-territorial-per-locupacio\/\" aria-label=\"M\u00e9s informaci\u00f3 sobre El Centre de Transformaci\u00f3 Digital de la Vall d\u2019Uix\u00f3 acull el Consorci del Pacte Territorial per l\u2019Ocupaci\u00f3\">Read more<\/a><\/p>\n","protected":false},"author":2,"featured_media":0,"comment_status":"closed","ping_status":"closed","sticky":false,"template":"","format":"standard","meta":{"om_disable_all_campaigns":false,"_monsterinsights_skip_tracking":false,"_monsterinsights_sitenote_active":false,"_monsterinsights_sitenote_note":"","_monsterinsights_sitenote_category":0,"_uf_show_specific_survey":0,"_uf_disable_surveys":false,"footnotes":""},"categories":[2],"tags":[],"class_list":["post-3424","post","type-post","status-publish","format-standard","hentry","category-lavallduixo"],"_links":{"self":[{"href":"https:\/\/elcafedepipa.com\/index.php\/wp-json\/wp\/v2\/posts\/3424","targetHints":{"allow":["GET"]}}],"collection":[{"href":"https:\/\/elcafedepipa.com\/index.php\/wp-json\/wp\/v2\/posts"}],"about":[{"href":"https:\/\/elcafedepipa.com\/index.php\/wp-json\/wp\/v2\/types\/post"}],"author":[{"embeddable":true,"href":"https:\/\/elcafedepipa.com\/index.php\/wp-json\/wp\/v2\/users\/2"}],"replies":[{"embeddable":true,"href":"https:\/\/elcafedepipa.com\/index.php\/wp-json\/wp\/v2\/comments?post=3424"}],"version-history":[{"count":0,"href":"https:\/\/elcafedepipa.com\/index.php\/wp-json\/wp\/v2\/posts\/3424\/revisions"}],"wp:attachment":[{"href":"https:\/\/elcafedepipa.com\/index.php\/wp-json\/wp\/v2\/media?parent=3424"}],"wp:term":[{"taxonomy":"category","embeddable":true,"href":"https:\/\/elcafedepipa.com\/index.php\/wp-json\/wp\/v2\/categories?post=3424"},{"taxonomy":"post_tag","embeddable":true,"href":"https:\/\/elcafedepipa.com\/index.php\/wp-json\/wp\/v2\/tags?post=3424"}],"curies":[{"name":"wp","href":"https:\/\/api.w.org\/{rel}","templated":true}]}}