{"id":3417,"date":"2024-07-22T14:04:16","date_gmt":"2024-07-22T12:04:16","guid":{"rendered":"https:\/\/elcafedepipa.com\/?p=3417"},"modified":"2024-07-22T14:04:17","modified_gmt":"2024-07-22T12:04:17","slug":"podcast-radiografia-actual-dels-estanys-de-la-llosa-enric-amer","status":"publish","type":"post","link":"https:\/\/elcafedepipa.com\/index.php\/2024\/07\/22\/podcast-radiografia-actual-dels-estanys-de-la-llosa-enric-amer\/","title":{"rendered":"Podcast | Radiografia actual dels estanys de La Llosa: Enric Amer"},"content":{"rendered":"\n<p><strong>\u00c0UDIO | <\/strong>Amb Enric Amer, responsable de\u00a0cust\u00f2dia\u00a0de la marjal d&#8217;Almenara d&#8217;AE\u00a0Agr\u00f3, coneixem la situaci\u00f3 actual dels estanys a\u00a0La\u00a0Llosa. La part\u00a0ro\u00edn: s&#8217;aprecia aigua de mala qualitat amb salinitzaci\u00f3. La bona \u00e9s que algunes esp\u00e8cies de flora i fauna\u00a0aconsegueixen\u00a0adaptar-se a la situaci\u00f3 actual.<\/p>\n\n\n\n<figure class=\"wp-block-audio\"><audio controls src=\"https:\/\/elcafedepipa.com\/wp-content\/uploads\/2024\/07\/amer22jul.mp3\"><\/audio><\/figure>\n","protected":false},"excerpt":{"rendered":"<p>\u00c0UDIO | Amb Enric Amer, responsable de\u00a0cust\u00f2dia\u00a0de la marjal d&#8217;Almenara d&#8217;AE\u00a0Agr\u00f3, coneixem la situaci\u00f3 actual dels estanys a\u00a0La\u00a0Llosa. La part\u00a0ro\u00edn: s&#8217;aprecia aigua de mala qualitat amb salinitzaci\u00f3. La bona \u00e9s que algunes esp\u00e8cies de flora i fauna\u00a0aconsegueixen\u00a0adaptar-se a la situaci\u00f3 actual.<\/p>\n","protected":false},"author":2,"featured_media":0,"comment_status":"closed","ping_status":"closed","sticky":false,"template":"","format":"standard","meta":{"om_disable_all_campaigns":false,"_monsterinsights_skip_tracking":false,"_monsterinsights_sitenote_active":false,"_monsterinsights_sitenote_note":"","_monsterinsights_sitenote_category":0,"_uf_show_specific_survey":0,"_uf_disable_surveys":false,"footnotes":""},"categories":[5],"tags":[],"class_list":["post-3417","post","type-post","status-publish","format-standard","hentry","category-almenara"],"_links":{"self":[{"href":"https:\/\/elcafedepipa.com\/index.php\/wp-json\/wp\/v2\/posts\/3417","targetHints":{"allow":["GET"]}}],"collection":[{"href":"https:\/\/elcafedepipa.com\/index.php\/wp-json\/wp\/v2\/posts"}],"about":[{"href":"https:\/\/elcafedepipa.com\/index.php\/wp-json\/wp\/v2\/types\/post"}],"author":[{"embeddable":true,"href":"https:\/\/elcafedepipa.com\/index.php\/wp-json\/wp\/v2\/users\/2"}],"replies":[{"embeddable":true,"href":"https:\/\/elcafedepipa.com\/index.php\/wp-json\/wp\/v2\/comments?post=3417"}],"version-history":[{"count":0,"href":"https:\/\/elcafedepipa.com\/index.php\/wp-json\/wp\/v2\/posts\/3417\/revisions"}],"wp:attachment":[{"href":"https:\/\/elcafedepipa.com\/index.php\/wp-json\/wp\/v2\/media?parent=3417"}],"wp:term":[{"taxonomy":"category","embeddable":true,"href":"https:\/\/elcafedepipa.com\/index.php\/wp-json\/wp\/v2\/categories?post=3417"},{"taxonomy":"post_tag","embeddable":true,"href":"https:\/\/elcafedepipa.com\/index.php\/wp-json\/wp\/v2\/tags?post=3417"}],"curies":[{"name":"wp","href":"https:\/\/api.w.org\/{rel}","templated":true}]}}