{"id":3392,"date":"2024-07-22T14:00:00","date_gmt":"2024-07-22T12:00:00","guid":{"rendered":"https:\/\/elcafedepipa.com\/?p=3392"},"modified":"2024-07-22T13:47:43","modified_gmt":"2024-07-22T11:47:43","slug":"podcast-jorge-garcia-parla-dels-convenis-amb-les-egm-fons-europeus-i-docupacio","status":"publish","type":"post","link":"https:\/\/elcafedepipa.com\/index.php\/2024\/07\/22\/podcast-jorge-garcia-parla-dels-convenis-amb-les-egm-fons-europeus-i-docupacio\/","title":{"rendered":"Podcast | Jorge Garc\u00eda parla dels convenis amb les EGM, Fons Europeus i d&#8217;Ocupaci\u00f3"},"content":{"rendered":"\n<p><strong>\u00c1UDIO |<\/strong> Jorge\u00a0Garc\u00eda, regidor de Fons Europeus i Ocupaci\u00f3 de\u00a0la\u00a0Vall d&#8217;Uix\u00f3, ens parla dels convenis amb les Entitats de Gesti\u00f3 i Modernitzaci\u00f3 dels pol\u00edgons Belcaire i Mesquita, aix\u00ed com d&#8217;altres inversions que s&#8217;estan portant a terme en aquestes \u00e0rees. Tamb\u00e9 ens parla d&#8217;altres projectes que estan en marxa a trav\u00e9s dels Fons Europeus, com el Centre de\u00a0Transformaci\u00f3 Digital, les obres del Cam\u00ed d&#8217;Aigua\u00a0al barri del Roser o les pr\u00f2ximes actuacions previstes al Poblat\u00a0Iber, entre altres. Aix\u00ed mateix, informava sobre les dades d&#8217;Ocupaci\u00f3 del municipi.<\/p>\n\n\n\n<figure class=\"wp-block-audio\"><audio controls src=\"https:\/\/elcafedepipa.com\/wp-content\/uploads\/2024\/07\/jorge22jul.mp3\"><\/audio><\/figure>\n","protected":false},"excerpt":{"rendered":"<p>\u00c1UDIO | Jorge\u00a0Garc\u00eda, regidor de Fons Europeus i Ocupaci\u00f3 de\u00a0la\u00a0Vall d&#8217;Uix\u00f3, ens parla dels convenis amb les Entitats de Gesti\u00f3 i Modernitzaci\u00f3 dels pol\u00edgons Belcaire i Mesquita, aix\u00ed com d&#8217;altres inversions que s&#8217;estan portant a terme en aquestes \u00e0rees. Tamb\u00e9 ens parla d&#8217;altres projectes que estan en marxa a trav\u00e9s dels Fons Europeus, com el &#8230; <a title=\"Podcast | Jorge Garc\u00eda parla dels convenis amb les EGM, Fons Europeus i d&#8217;Ocupaci\u00f3\" class=\"read-more\" href=\"https:\/\/elcafedepipa.com\/index.php\/2024\/07\/22\/podcast-jorge-garcia-parla-dels-convenis-amb-les-egm-fons-europeus-i-docupacio\/\" aria-label=\"M\u00e9s informaci\u00f3 sobre Podcast | Jorge Garc\u00eda parla dels convenis amb les EGM, Fons Europeus i d&#8217;Ocupaci\u00f3\">Read more<\/a><\/p>\n","protected":false},"author":2,"featured_media":0,"comment_status":"closed","ping_status":"closed","sticky":false,"template":"","format":"standard","meta":{"om_disable_all_campaigns":false,"_monsterinsights_skip_tracking":false,"_monsterinsights_sitenote_active":false,"_monsterinsights_sitenote_note":"","_monsterinsights_sitenote_category":0,"_uf_show_specific_survey":0,"_uf_disable_surveys":false,"footnotes":""},"categories":[2],"tags":[],"class_list":["post-3392","post","type-post","status-publish","format-standard","hentry","category-lavallduixo"],"_links":{"self":[{"href":"https:\/\/elcafedepipa.com\/index.php\/wp-json\/wp\/v2\/posts\/3392","targetHints":{"allow":["GET"]}}],"collection":[{"href":"https:\/\/elcafedepipa.com\/index.php\/wp-json\/wp\/v2\/posts"}],"about":[{"href":"https:\/\/elcafedepipa.com\/index.php\/wp-json\/wp\/v2\/types\/post"}],"author":[{"embeddable":true,"href":"https:\/\/elcafedepipa.com\/index.php\/wp-json\/wp\/v2\/users\/2"}],"replies":[{"embeddable":true,"href":"https:\/\/elcafedepipa.com\/index.php\/wp-json\/wp\/v2\/comments?post=3392"}],"version-history":[{"count":0,"href":"https:\/\/elcafedepipa.com\/index.php\/wp-json\/wp\/v2\/posts\/3392\/revisions"}],"wp:attachment":[{"href":"https:\/\/elcafedepipa.com\/index.php\/wp-json\/wp\/v2\/media?parent=3392"}],"wp:term":[{"taxonomy":"category","embeddable":true,"href":"https:\/\/elcafedepipa.com\/index.php\/wp-json\/wp\/v2\/categories?post=3392"},{"taxonomy":"post_tag","embeddable":true,"href":"https:\/\/elcafedepipa.com\/index.php\/wp-json\/wp\/v2\/tags?post=3392"}],"curies":[{"name":"wp","href":"https:\/\/api.w.org\/{rel}","templated":true}]}}