{"id":3383,"date":"2024-07-21T11:15:00","date_gmt":"2024-07-21T09:15:00","guid":{"rendered":"https:\/\/elcafedepipa.com\/?p=3383"},"modified":"2024-07-19T16:16:31","modified_gmt":"2024-07-19T14:16:31","slug":"castello-rep-als-20-xiquets-i-xiquetes-sahrauis-del-programa-vacances-en-pau","status":"publish","type":"post","link":"https:\/\/elcafedepipa.com\/index.php\/2024\/07\/21\/castello-rep-als-20-xiquets-i-xiquetes-sahrauis-del-programa-vacances-en-pau\/","title":{"rendered":"Castell\u00f3 rep als 20 xiquets i xiquetes sahrau\u00eds del programa &#8216;Vacances en Pau&#8217;"},"content":{"rendered":"\n<p>La Diputaci\u00f3 Provincial de Castell\u00f3 ha rebut aquesta setmana als 20 xiquets i xiquetes sahrau\u00eds del programa &#8216;Vacacions en Pau&#8217;. Les diputades de Benestar Social i Joventut, Marisa Torl\u00e0 i Mar\u00eda Tormo, han donat la benvinguda als xiquets i xiquetes que passaran els mesos de juliol i agost a la prov\u00edncia de Castell\u00f3.<\/p>\n\n\n\n<p>L&#8217;objectiu general del programa que duu a terme l&#8217;associaci\u00f3 Smara (Associaci\u00f3 Ajuda al Poble Sahrau\u00ed) \u00e9s millorar les condicions de vida dels menors refugiats sahrau\u00eds durant la seua estada a la prov\u00edncia. I \u00e9s que, a trav\u00e9s de &#8216;Vacacions en Pau&#8217; els permet evitar les extremes temperatures del desert, que poden aconseguir els 50\u00b0C, i les dures condicions de vida en els seus campaments.<\/p>\n\n\n\n<p>Com ha indicat la diputada de l&#8217;\u00e0rea de Benestar Social, Marisa Torl\u00e0, \u201cesta iniciativa \u00e9s possible, un any m\u00e9s, gr\u00e0cies a l&#8217;esfor\u00e7 conjunt de diverses associacions de col\u00b7laboraci\u00f3, solidaritat i ajuda al poble sahrau\u00ed, aix\u00ed com al comprom\u00eds, la sensibilitat i solidaritat de nombroses fam\u00edlies solid\u00e0ries\u201d. En eixa implicaci\u00f3 s&#8217;inclou la Diputaci\u00f3 de Castell\u00f3 qui col\u00b7labora amb l&#8217;associaci\u00f3 Smara a trav\u00e9s d&#8217;una subvenci\u00f3 directa.<\/p>\n","protected":false},"excerpt":{"rendered":"<p>La Diputaci\u00f3 Provincial de Castell\u00f3 ha rebut aquesta setmana als 20 xiquets i xiquetes sahrau\u00eds del programa &#8216;Vacacions en Pau&#8217;. Les diputades de Benestar Social i Joventut, Marisa Torl\u00e0 i Mar\u00eda Tormo, han donat la benvinguda als xiquets i xiquetes que passaran els mesos de juliol i agost a la prov\u00edncia de Castell\u00f3. L&#8217;objectiu general &#8230; <a title=\"Castell\u00f3 rep als 20 xiquets i xiquetes sahrau\u00eds del programa &#8216;Vacances en Pau&#8217;\" class=\"read-more\" href=\"https:\/\/elcafedepipa.com\/index.php\/2024\/07\/21\/castello-rep-als-20-xiquets-i-xiquetes-sahrauis-del-programa-vacances-en-pau\/\" aria-label=\"M\u00e9s informaci\u00f3 sobre Castell\u00f3 rep als 20 xiquets i xiquetes sahrau\u00eds del programa &#8216;Vacances en Pau&#8217;\">Read more<\/a><\/p>\n","protected":false},"author":2,"featured_media":0,"comment_status":"closed","ping_status":"closed","sticky":false,"template":"","format":"standard","meta":{"om_disable_all_campaigns":false,"_monsterinsights_skip_tracking":false,"_monsterinsights_sitenote_active":false,"_monsterinsights_sitenote_note":"","_monsterinsights_sitenote_category":0,"_uf_show_specific_survey":0,"_uf_disable_surveys":false,"footnotes":""},"categories":[10],"tags":[],"class_list":["post-3383","post","type-post","status-publish","format-standard","hentry","category-provinciadecastello"],"_links":{"self":[{"href":"https:\/\/elcafedepipa.com\/index.php\/wp-json\/wp\/v2\/posts\/3383","targetHints":{"allow":["GET"]}}],"collection":[{"href":"https:\/\/elcafedepipa.com\/index.php\/wp-json\/wp\/v2\/posts"}],"about":[{"href":"https:\/\/elcafedepipa.com\/index.php\/wp-json\/wp\/v2\/types\/post"}],"author":[{"embeddable":true,"href":"https:\/\/elcafedepipa.com\/index.php\/wp-json\/wp\/v2\/users\/2"}],"replies":[{"embeddable":true,"href":"https:\/\/elcafedepipa.com\/index.php\/wp-json\/wp\/v2\/comments?post=3383"}],"version-history":[{"count":0,"href":"https:\/\/elcafedepipa.com\/index.php\/wp-json\/wp\/v2\/posts\/3383\/revisions"}],"wp:attachment":[{"href":"https:\/\/elcafedepipa.com\/index.php\/wp-json\/wp\/v2\/media?parent=3383"}],"wp:term":[{"taxonomy":"category","embeddable":true,"href":"https:\/\/elcafedepipa.com\/index.php\/wp-json\/wp\/v2\/categories?post=3383"},{"taxonomy":"post_tag","embeddable":true,"href":"https:\/\/elcafedepipa.com\/index.php\/wp-json\/wp\/v2\/tags?post=3383"}],"curies":[{"name":"wp","href":"https:\/\/api.w.org\/{rel}","templated":true}]}}