{"id":3356,"date":"2024-07-19T15:26:08","date_gmt":"2024-07-19T13:26:08","guid":{"rendered":"https:\/\/elcafedepipa.com\/?p=3356"},"modified":"2024-07-19T15:26:09","modified_gmt":"2024-07-19T13:26:09","slug":"podcast-el-cassette-perque-si-amb-javier-penarroja","status":"publish","type":"post","link":"https:\/\/elcafedepipa.com\/index.php\/2024\/07\/19\/podcast-el-cassette-perque-si-amb-javier-penarroja\/","title":{"rendered":"Podcast\u00a0| El\u00a0cassette\u00a0perqu\u00e8 s\u00ed amb\u00a0Javier\u00a0Pe\u00f1arroja"},"content":{"rendered":"\n<p><strong>\u00c0UDIO | <\/strong>Amb Javier Pe\u00f1arroja fem un recorregut musical per les can\u00e7ons m\u00e9s m\u00edtiques que han representat a la Volta Ciclista. Com no podia ser d&#8217;una altra manera, parlem d&#8217;alguna cosa m\u00e9s.<\/p>\n\n\n\n<figure class=\"wp-block-audio\"><audio controls src=\"https:\/\/elcafedepipa.com\/wp-content\/uploads\/2024\/07\/casete19jul.mp3\"><\/audio><\/figure>\n","protected":false},"excerpt":{"rendered":"<p>\u00c0UDIO | Amb Javier Pe\u00f1arroja fem un recorregut musical per les can\u00e7ons m\u00e9s m\u00edtiques que han representat a la Volta Ciclista. Com no podia ser d&#8217;una altra manera, parlem d&#8217;alguna cosa m\u00e9s.<\/p>\n","protected":false},"author":2,"featured_media":0,"comment_status":"closed","ping_status":"closed","sticky":false,"template":"","format":"standard","meta":{"om_disable_all_campaigns":false,"_monsterinsights_skip_tracking":false,"_monsterinsights_sitenote_active":false,"_monsterinsights_sitenote_note":"","_monsterinsights_sitenote_category":0,"_uf_show_specific_survey":0,"_uf_disable_surveys":false,"footnotes":""},"categories":[2],"tags":[],"class_list":["post-3356","post","type-post","status-publish","format-standard","hentry","category-lavallduixo"],"_links":{"self":[{"href":"https:\/\/elcafedepipa.com\/index.php\/wp-json\/wp\/v2\/posts\/3356","targetHints":{"allow":["GET"]}}],"collection":[{"href":"https:\/\/elcafedepipa.com\/index.php\/wp-json\/wp\/v2\/posts"}],"about":[{"href":"https:\/\/elcafedepipa.com\/index.php\/wp-json\/wp\/v2\/types\/post"}],"author":[{"embeddable":true,"href":"https:\/\/elcafedepipa.com\/index.php\/wp-json\/wp\/v2\/users\/2"}],"replies":[{"embeddable":true,"href":"https:\/\/elcafedepipa.com\/index.php\/wp-json\/wp\/v2\/comments?post=3356"}],"version-history":[{"count":0,"href":"https:\/\/elcafedepipa.com\/index.php\/wp-json\/wp\/v2\/posts\/3356\/revisions"}],"wp:attachment":[{"href":"https:\/\/elcafedepipa.com\/index.php\/wp-json\/wp\/v2\/media?parent=3356"}],"wp:term":[{"taxonomy":"category","embeddable":true,"href":"https:\/\/elcafedepipa.com\/index.php\/wp-json\/wp\/v2\/categories?post=3356"},{"taxonomy":"post_tag","embeddable":true,"href":"https:\/\/elcafedepipa.com\/index.php\/wp-json\/wp\/v2\/tags?post=3356"}],"curies":[{"name":"wp","href":"https:\/\/api.w.org\/{rel}","templated":true}]}}