{"id":3329,"date":"2024-07-19T10:18:52","date_gmt":"2024-07-19T08:18:52","guid":{"rendered":"https:\/\/elcafedepipa.com\/?p=3329"},"modified":"2024-07-19T10:19:05","modified_gmt":"2024-07-19T08:19:05","slug":"la-diputacio-de-castello-mobilitza-80-efectius-del-consorci-de-bombers-en-el-fib-2024","status":"publish","type":"post","link":"https:\/\/elcafedepipa.com\/index.php\/2024\/07\/19\/la-diputacio-de-castello-mobilitza-80-efectius-del-consorci-de-bombers-en-el-fib-2024\/","title":{"rendered":"La Diputaci\u00f3 de Castell\u00f3 mobilitza 80 efectius del Consorci de Bombers en el FIB 2024"},"content":{"rendered":"\n<p style=\"font-size:24px\"><strong>L&#8217;operatiu es mantindr\u00e0 fins al dissabte 20 de juliol<\/strong><\/p>\n\n\n\n<p>La Diputaci\u00f3 Provincial de Castell\u00f3 vetlar\u00e0 pel bon funcionament i la seguretat del Festival Internacional de Benic\u00e0ssim 2024 amb 80 efectius de l&#8217;\u00e0rea de Bombers. Aix\u00ed ho ha confirmat el diputat provincial David\u00a0Vicente, destacant que l&#8217;operatiu, actiu des d&#8217;avui dijous, es mantindr\u00e0 fins al dissabte dia 20: \u201cEl desig \u00e9s que l&#8217;\u00e8xit del festival siga l&#8217;\u00fanic fet ressenyable i que la diversi\u00f3 i l&#8217;oci siguen els protagonistes d&#8217;aquesta\u00a0massiva convocat\u00f2ria\u201d.<\/p>\n\n\n\n<p>Per a garantir-ho, la Diputaci\u00f3 Provincial de Castell\u00f3, presidida per Marta&nbsp;Barrachina, ha activat un dispositiu especial de prevenci\u00f3 amb 80 efectius del Consorci de Bombers, que estaran presents en diferents torns durant les tres jornades del festival, tant en l&#8217;\u00e0rea d&#8217;acampada com en el recinte dels concerts.<\/p>\n\n\n\n<p>Este&nbsp;dispositiu inclou dotacions de bombers, unitats de Protecci\u00f3 Civil per donar suport a la Policia Local, i unitats de Bombers Forestals en el per\u00edmetre del c\u00e0mping. Tamb\u00e9 es mobilitzaran tres&nbsp;camions autobomba, quatre vehicles auxiliars, un vehicle de comandament i un&nbsp;cami\u00f3 nodrissa&nbsp;pesat amb una capacitat de 30.000 litres.<\/p>\n\n\n\n<p>David&nbsp;Vicente&nbsp;ha assenyalat la import\u00e0ncia de prevenir incendis, especialment davant l&#8217;augment de temperatures previst per als tres dies del festival: \u201c\u00c9s de vital import\u00e0ncia que no es realitze cap mena de foc en les zones d&#8217;acampada ni tampoc en les proximitats, tal com ens recomanen els professionals del ram\u201d.<\/p>\n","protected":false},"excerpt":{"rendered":"<p>L&#8217;operatiu es mantindr\u00e0 fins al dissabte 20 de juliol La Diputaci\u00f3 Provincial de Castell\u00f3 vetlar\u00e0 pel bon funcionament i la seguretat del Festival Internacional de Benic\u00e0ssim 2024 amb 80 efectius de l&#8217;\u00e0rea de Bombers. Aix\u00ed ho ha confirmat el diputat provincial David\u00a0Vicente, destacant que l&#8217;operatiu, actiu des d&#8217;avui dijous, es mantindr\u00e0 fins al dissabte dia &#8230; <a title=\"La Diputaci\u00f3 de Castell\u00f3 mobilitza 80 efectius del Consorci de Bombers en el FIB 2024\" class=\"read-more\" href=\"https:\/\/elcafedepipa.com\/index.php\/2024\/07\/19\/la-diputacio-de-castello-mobilitza-80-efectius-del-consorci-de-bombers-en-el-fib-2024\/\" aria-label=\"M\u00e9s informaci\u00f3 sobre La Diputaci\u00f3 de Castell\u00f3 mobilitza 80 efectius del Consorci de Bombers en el FIB 2024\">Read more<\/a><\/p>\n","protected":false},"author":2,"featured_media":0,"comment_status":"closed","ping_status":"closed","sticky":false,"template":"","format":"standard","meta":{"om_disable_all_campaigns":false,"_monsterinsights_skip_tracking":false,"_monsterinsights_sitenote_active":false,"_monsterinsights_sitenote_note":"","_monsterinsights_sitenote_category":0,"_uf_show_specific_survey":0,"_uf_disable_surveys":false,"footnotes":""},"categories":[10],"tags":[],"class_list":["post-3329","post","type-post","status-publish","format-standard","hentry","category-provinciadecastello"],"_links":{"self":[{"href":"https:\/\/elcafedepipa.com\/index.php\/wp-json\/wp\/v2\/posts\/3329","targetHints":{"allow":["GET"]}}],"collection":[{"href":"https:\/\/elcafedepipa.com\/index.php\/wp-json\/wp\/v2\/posts"}],"about":[{"href":"https:\/\/elcafedepipa.com\/index.php\/wp-json\/wp\/v2\/types\/post"}],"author":[{"embeddable":true,"href":"https:\/\/elcafedepipa.com\/index.php\/wp-json\/wp\/v2\/users\/2"}],"replies":[{"embeddable":true,"href":"https:\/\/elcafedepipa.com\/index.php\/wp-json\/wp\/v2\/comments?post=3329"}],"version-history":[{"count":0,"href":"https:\/\/elcafedepipa.com\/index.php\/wp-json\/wp\/v2\/posts\/3329\/revisions"}],"wp:attachment":[{"href":"https:\/\/elcafedepipa.com\/index.php\/wp-json\/wp\/v2\/media?parent=3329"}],"wp:term":[{"taxonomy":"category","embeddable":true,"href":"https:\/\/elcafedepipa.com\/index.php\/wp-json\/wp\/v2\/categories?post=3329"},{"taxonomy":"post_tag","embeddable":true,"href":"https:\/\/elcafedepipa.com\/index.php\/wp-json\/wp\/v2\/tags?post=3329"}],"curies":[{"name":"wp","href":"https:\/\/api.w.org\/{rel}","templated":true}]}}