{"id":3316,"date":"2024-07-19T09:57:58","date_gmt":"2024-07-19T07:57:58","guid":{"rendered":"https:\/\/elcafedepipa.com\/?p=3316"},"modified":"2024-07-19T09:57:59","modified_gmt":"2024-07-19T07:57:59","slug":"nules-inverteix-12-000-euros-en-la-renovacio-de-la-seua-passarella","status":"publish","type":"post","link":"https:\/\/elcafedepipa.com\/index.php\/2024\/07\/19\/nules-inverteix-12-000-euros-en-la-renovacio-de-la-seua-passarella\/","title":{"rendered":"Nules inverteix 12.000 euros en la renovaci\u00f3 de la seua passarel\u00b7la"},"content":{"rendered":"\n<p style=\"font-size:24px\"><strong>L&#8217;estructura ja compta amb seguretat i est\u00e0 adaptada a les normatives vigents<\/strong><\/p>\n\n\n\n<p>El\u00a0Paratge Natural\u00a0de l\u2019Estany ja compta amb una nova passarel\u00b7la, recentment instal\u00b7lada i accessible per als visitants. L\u2019Ajuntament de Nules ha invertit uns 12.000 euros en aquesta nova estructura, aconseguint millorar la seguretat i adaptar-la a les normatives vigents. Hui l&#8217;alcalde David\u00a0Garc\u00eda, el regidor de Jardins, Obres i Serveis\u00a0Ram\u00f3n\u00a0Lucas, i la regidora de Platges M. Jos\u00e9\u00a0Esteban\u00a0han visitat aquesta renovaci\u00f3. <\/p>\n\n\n\n<p>La passarel\u00b7la anterior presentava danys significatius, com explica\u00a0Ram\u00f3n\u00a0Lucas: \u201cEl mal estat de les fustes va suposar un perill, per la qual cosa es va decidir tancar-la i avaluar els danys\u201d.<\/p>\n\n\n\n<p>En un primer moment, es va detectar la necessitat de canviar les baranes per complir la normativa, per\u00f2 el personal del m\u00f2dul de fusteria del Taller d\u2019Ocupaci\u00f3 va trobar danys majors en revisar tota la passarel\u00b7la, decidint aix\u00ed construir-ne una nova.<\/p>\n\n\n\n<p>Els treballs han estat&nbsp;fets&nbsp;pel personal i alumnat del taller d\u2019ocupaci\u00f3, optant per aquesta via per proporcionar una experi\u00e8ncia valuosa als estudiants, tot i que aix\u00f2 va retardar la construcci\u00f3 en comparaci\u00f3 amb contractar una empresa externa. Aquesta decisi\u00f3 tamb\u00e9 ha generat un estalvi significatiu, ja que el cost s&#8217;estimava en 40.000 euros si s&#8217;haguera fet externament.<\/p>\n\n\n\n<p>L\u2019alcalde David&nbsp;Garc\u00eda&nbsp;subratlla que aquesta iniciativa ha suposat un estalvi de 28.000 euros per a l\u2019ajuntament, demostrant l\u2019efic\u00e0cia de la gesti\u00f3 dels recursos humans i materials, i&nbsp;valorant&nbsp;el treball dels tallers d\u2019ocupaci\u00f3.<\/p>\n","protected":false},"excerpt":{"rendered":"<p>L&#8217;estructura ja compta amb seguretat i est\u00e0 adaptada a les normatives vigents El\u00a0Paratge Natural\u00a0de l\u2019Estany ja compta amb una nova passarel\u00b7la, recentment instal\u00b7lada i accessible per als visitants. L\u2019Ajuntament de Nules ha invertit uns 12.000 euros en aquesta nova estructura, aconseguint millorar la seguretat i adaptar-la a les normatives vigents. Hui l&#8217;alcalde David\u00a0Garc\u00eda, el regidor &#8230; <a title=\"Nules inverteix 12.000 euros en la renovaci\u00f3 de la seua passarel\u00b7la\" class=\"read-more\" href=\"https:\/\/elcafedepipa.com\/index.php\/2024\/07\/19\/nules-inverteix-12-000-euros-en-la-renovacio-de-la-seua-passarella\/\" aria-label=\"M\u00e9s informaci\u00f3 sobre Nules inverteix 12.000 euros en la renovaci\u00f3 de la seua passarel\u00b7la\">Read more<\/a><\/p>\n","protected":false},"author":2,"featured_media":0,"comment_status":"closed","ping_status":"closed","sticky":false,"template":"","format":"standard","meta":{"om_disable_all_campaigns":false,"_monsterinsights_skip_tracking":false,"_monsterinsights_sitenote_active":false,"_monsterinsights_sitenote_note":"","_monsterinsights_sitenote_category":0,"_uf_show_specific_survey":0,"_uf_disable_surveys":false,"footnotes":""},"categories":[3],"tags":[],"class_list":["post-3316","post","type-post","status-publish","format-standard","hentry","category-nules"],"_links":{"self":[{"href":"https:\/\/elcafedepipa.com\/index.php\/wp-json\/wp\/v2\/posts\/3316","targetHints":{"allow":["GET"]}}],"collection":[{"href":"https:\/\/elcafedepipa.com\/index.php\/wp-json\/wp\/v2\/posts"}],"about":[{"href":"https:\/\/elcafedepipa.com\/index.php\/wp-json\/wp\/v2\/types\/post"}],"author":[{"embeddable":true,"href":"https:\/\/elcafedepipa.com\/index.php\/wp-json\/wp\/v2\/users\/2"}],"replies":[{"embeddable":true,"href":"https:\/\/elcafedepipa.com\/index.php\/wp-json\/wp\/v2\/comments?post=3316"}],"version-history":[{"count":0,"href":"https:\/\/elcafedepipa.com\/index.php\/wp-json\/wp\/v2\/posts\/3316\/revisions"}],"wp:attachment":[{"href":"https:\/\/elcafedepipa.com\/index.php\/wp-json\/wp\/v2\/media?parent=3316"}],"wp:term":[{"taxonomy":"category","embeddable":true,"href":"https:\/\/elcafedepipa.com\/index.php\/wp-json\/wp\/v2\/categories?post=3316"},{"taxonomy":"post_tag","embeddable":true,"href":"https:\/\/elcafedepipa.com\/index.php\/wp-json\/wp\/v2\/tags?post=3316"}],"curies":[{"name":"wp","href":"https:\/\/api.w.org\/{rel}","templated":true}]}}