{"id":3245,"date":"2024-07-17T17:03:06","date_gmt":"2024-07-17T15:03:06","guid":{"rendered":"https:\/\/elcafedepipa.com\/?p=3245"},"modified":"2024-07-17T17:03:07","modified_gmt":"2024-07-17T15:03:07","slug":"lajuntament-de-la-vall-duixo-collabora-amb-les-entitats-de-gestio-i-modernitzacio-dels-poligons-industrials-amb-una-aportacio-de-20-000-euros","status":"publish","type":"post","link":"https:\/\/elcafedepipa.com\/index.php\/2024\/07\/17\/lajuntament-de-la-vall-duixo-collabora-amb-les-entitats-de-gestio-i-modernitzacio-dels-poligons-industrials-amb-una-aportacio-de-20-000-euros\/","title":{"rendered":"L&#8217;Ajuntament de la Vall d\u2019Uix\u00f3 col\u00b7labora amb les Entitats de Gesti\u00f3 i Modernitzaci\u00f3 dels pol\u00edgons industrials amb una aportaci\u00f3 de 20.000 euros"},"content":{"rendered":"\n<p>L&#8217;Ajuntament de la Vall d\u2019Uix\u00f3 ha consolidat la seua col\u00b7laboraci\u00f3 amb les Entitats de Gesti\u00f3 i Modernitzaci\u00f3 (EGM) dels pol\u00edgons industrials mitjan\u00e7ant un conveni que atorga 20.000 euros: 10.000 per a l&#8217;EGM de Mesquita i 10.000 per a l&#8217;EGM de&nbsp;Belcaire. Aquests fons es destinen a la gesti\u00f3, manteniment d&#8217;aplicacions inform\u00e0tiques i ger\u00e8ncia d&#8217;aquestes entitats.<\/p>\n\n\n\n<p>El regidor d&#8217;Economia i Ind\u00fastria, Jorge&nbsp;Garc\u00eda, ha destacat que la \u201ccol\u00b7laboraci\u00f3 estreta\u201d entre l&#8217;Ajuntament i&nbsp;les EGM&nbsp;\u201cest\u00e0 donant bons resultats\u201d. Gr\u00e0cies a una labor coordinada, es pacten inversions en els pol\u00edgons, es milloren els serveis i es planifica el present i futur de la industrialitzaci\u00f3 en la ciutat.<\/p>\n\n\n\n<p>Per a l&#8217;equip de govern, aquesta l\u00ednia d&#8217;ajudes \u00e9s crucial per al funcionament de les associacions empresarials, que han facilitat una interlocuci\u00f3 directa entre l&#8217;Ajuntament i els empresaris. Des de 2022, aquests convenis reflectixen que \u201cla ind\u00fastria \u00e9s una prioritat absoluta\u201d, seguint la senda de les dues legislatures anteriors.<\/p>\n\n\n\n<p>A m\u00e9s,&nbsp;Garc\u00eda&nbsp;ha subratllat que la inversi\u00f3 en \u00e0rees industrials busca fer-les m\u00e9s competitives i atractives per a noves empreses. Enguany, es destinen 872.300 euros a trav\u00e9s d&#8217;ajudes&nbsp;de l&#8217;IVACE per a millorar els pol\u00edgons industrials.<\/p>\n\n\n\n<p>Les obres, actualment en proc\u00e9s de licitaci\u00f3 i previstes per a finalitzar abans de final d&#8217;any, inclouen la instal\u00b7laci\u00f3 de barreres de control d&#8217;acc\u00e9s nocturn, la creaci\u00f3 d&#8217;aparcaments espec\u00edfics per a camions, l&#8217;ampliaci\u00f3 del circuit de videovigil\u00e0ncia, la renovaci\u00f3 de voreres i xarxes d&#8217;aigua, la il\u00b7luminaci\u00f3 de circuits esportius i el manteniment de zones enjardinades.<\/p>\n\n\n\n<p>Garc\u00eda&nbsp;tamb\u00e9 va recordar que l&#8217;any passat es van invertir 3 milions d&#8217;euros en els pol\u00edgons&nbsp;Belcaire&nbsp;i Mesquita, amb la construcci\u00f3 d&#8217;un pont de connexi\u00f3 i millores en seguretat, accessibilitat, xarxa d&#8217;aig\u00fces, zones verdes i espais esportius. \u201cTenim m\u00e9s i millors infraestructures i bones dades d&#8217;ocupaci\u00f3\u201d, va concloure.<\/p>\n","protected":false},"excerpt":{"rendered":"<p>L&#8217;Ajuntament de la Vall d\u2019Uix\u00f3 ha consolidat la seua col\u00b7laboraci\u00f3 amb les Entitats de Gesti\u00f3 i Modernitzaci\u00f3 (EGM) dels pol\u00edgons industrials mitjan\u00e7ant un conveni que atorga 20.000 euros: 10.000 per a l&#8217;EGM de Mesquita i 10.000 per a l&#8217;EGM de&nbsp;Belcaire. Aquests fons es destinen a la gesti\u00f3, manteniment d&#8217;aplicacions inform\u00e0tiques i ger\u00e8ncia d&#8217;aquestes entitats. El &#8230; <a title=\"L&#8217;Ajuntament de la Vall d\u2019Uix\u00f3 col\u00b7labora amb les Entitats de Gesti\u00f3 i Modernitzaci\u00f3 dels pol\u00edgons industrials amb una aportaci\u00f3 de 20.000 euros\" class=\"read-more\" href=\"https:\/\/elcafedepipa.com\/index.php\/2024\/07\/17\/lajuntament-de-la-vall-duixo-collabora-amb-les-entitats-de-gestio-i-modernitzacio-dels-poligons-industrials-amb-una-aportacio-de-20-000-euros\/\" aria-label=\"M\u00e9s informaci\u00f3 sobre L&#8217;Ajuntament de la Vall d\u2019Uix\u00f3 col\u00b7labora amb les Entitats de Gesti\u00f3 i Modernitzaci\u00f3 dels pol\u00edgons industrials amb una aportaci\u00f3 de 20.000 euros\">Read more<\/a><\/p>\n","protected":false},"author":2,"featured_media":3248,"comment_status":"open","ping_status":"open","sticky":false,"template":"","format":"standard","meta":{"om_disable_all_campaigns":false,"_monsterinsights_skip_tracking":false,"_monsterinsights_sitenote_active":false,"_monsterinsights_sitenote_note":"","_monsterinsights_sitenote_category":0,"_uf_show_specific_survey":0,"_uf_disable_surveys":false,"footnotes":""},"categories":[2],"tags":[],"class_list":["post-3245","post","type-post","status-publish","format-standard","has-post-thumbnail","hentry","category-lavallduixo"],"_links":{"self":[{"href":"https:\/\/elcafedepipa.com\/index.php\/wp-json\/wp\/v2\/posts\/3245","targetHints":{"allow":["GET"]}}],"collection":[{"href":"https:\/\/elcafedepipa.com\/index.php\/wp-json\/wp\/v2\/posts"}],"about":[{"href":"https:\/\/elcafedepipa.com\/index.php\/wp-json\/wp\/v2\/types\/post"}],"author":[{"embeddable":true,"href":"https:\/\/elcafedepipa.com\/index.php\/wp-json\/wp\/v2\/users\/2"}],"replies":[{"embeddable":true,"href":"https:\/\/elcafedepipa.com\/index.php\/wp-json\/wp\/v2\/comments?post=3245"}],"version-history":[{"count":0,"href":"https:\/\/elcafedepipa.com\/index.php\/wp-json\/wp\/v2\/posts\/3245\/revisions"}],"wp:featuredmedia":[{"embeddable":true,"href":"https:\/\/elcafedepipa.com\/index.php\/wp-json\/wp\/v2\/media\/3248"}],"wp:attachment":[{"href":"https:\/\/elcafedepipa.com\/index.php\/wp-json\/wp\/v2\/media?parent=3245"}],"wp:term":[{"taxonomy":"category","embeddable":true,"href":"https:\/\/elcafedepipa.com\/index.php\/wp-json\/wp\/v2\/categories?post=3245"},{"taxonomy":"post_tag","embeddable":true,"href":"https:\/\/elcafedepipa.com\/index.php\/wp-json\/wp\/v2\/tags?post=3245"}],"curies":[{"name":"wp","href":"https:\/\/api.w.org\/{rel}","templated":true}]}}