{"id":3194,"date":"2024-07-17T09:48:34","date_gmt":"2024-07-17T07:48:34","guid":{"rendered":"https:\/\/elcafedepipa.com\/?p=3194"},"modified":"2024-07-17T09:48:35","modified_gmt":"2024-07-17T07:48:35","slug":"la-diputacio-de-castello-augmenta-un-62-el-pressupost-per-als-festivals-de-musica","status":"publish","type":"post","link":"https:\/\/elcafedepipa.com\/index.php\/2024\/07\/17\/la-diputacio-de-castello-augmenta-un-62-el-pressupost-per-als-festivals-de-musica\/","title":{"rendered":"La Diputaci\u00f3 de Castell\u00f3 augmenta un 62% el pressupost per als festivals de m\u00fasica"},"content":{"rendered":"\n<p style=\"font-size:24px\"><strong>Marta Barrachina anuncia una inversi\u00f3 de quasi un mili\u00f3 d&#8217;euros per convertir la prov\u00edncia en un gran escenari musical<\/strong><\/p>\n\n\n\n<p>La Diputaci\u00f3 Provincial de Castell\u00f3 ha incrementat el seu pressupost per als festivals de m\u00fasica en un 62%, amb una inversi\u00f3 d&#8217;un mili\u00f3 d&#8217;euros per convertir la prov\u00edncia en un gran escenari musical. La presidenta, Marta Barrachina, ha destacat el suport als festivals durant la visita al recinte de festivals de Benic\u00e0ssim abans de l&#8217;inici del FIB, que se celebrar\u00e0 fins al 20 de juliol.<\/p>\n\n\n\n<p>Marta Barrachina ha subratllat que \u201cCastell\u00f3 i festivals \u00e9s una f\u00f3rmula exitosa\u201d i ha reafirmat el comprom\u00eds de la Diputaci\u00f3 amb la marca &#8216;Castell\u00f3 Terra de Festivals&#8217;. Ha destacat l&#8217;impacte econ\u00f2mic i les oportunitats d&#8217;ocupaci\u00f3 que generen aquests esdeveniments tur\u00edstics de primer nivell.<\/p>\n\n\n\n<p>El patrocini de la Diputaci\u00f3 s&#8217;ha incrementat considerablement: per al FIB, de 145.000 a 235.000 euros; per a l&#8217;Arenal Sound de Burriana, de 165.000 a 265.000 euros; i per al Rototom de Benic\u00e0ssim, de 109.505 a 179.685 euros. Sumant aquests patrocini i les subvencions a entitats privades per a cicles festivals, la inversi\u00f3 total arriba a quasi un mili\u00f3 d&#8217;euros.<\/p>\n\n\n\n<p>Barrachina ha ressaltat la traject\u00f2ria del FIB, que des de 1995 ha posat Benic\u00e0ssim en el mapa dels grans festivals nacionals i internacionals, amb xifres com els 180.000 assistents de l&#8217;edici\u00f3 anterior.<\/p>\n","protected":false},"excerpt":{"rendered":"<p>Marta Barrachina anuncia una inversi\u00f3 de quasi un mili\u00f3 d&#8217;euros per convertir la prov\u00edncia en un gran escenari musical La Diputaci\u00f3 Provincial de Castell\u00f3 ha incrementat el seu pressupost per als festivals de m\u00fasica en un 62%, amb una inversi\u00f3 d&#8217;un mili\u00f3 d&#8217;euros per convertir la prov\u00edncia en un gran escenari musical. La presidenta, Marta &#8230; <a title=\"La Diputaci\u00f3 de Castell\u00f3 augmenta un 62% el pressupost per als festivals de m\u00fasica\" class=\"read-more\" href=\"https:\/\/elcafedepipa.com\/index.php\/2024\/07\/17\/la-diputacio-de-castello-augmenta-un-62-el-pressupost-per-als-festivals-de-musica\/\" aria-label=\"M\u00e9s informaci\u00f3 sobre La Diputaci\u00f3 de Castell\u00f3 augmenta un 62% el pressupost per als festivals de m\u00fasica\">Read more<\/a><\/p>\n","protected":false},"author":2,"featured_media":3195,"comment_status":"closed","ping_status":"closed","sticky":false,"template":"","format":"standard","meta":{"om_disable_all_campaigns":false,"_monsterinsights_skip_tracking":false,"_monsterinsights_sitenote_active":false,"_monsterinsights_sitenote_note":"","_monsterinsights_sitenote_category":0,"_uf_show_specific_survey":0,"_uf_disable_surveys":false,"footnotes":""},"categories":[10],"tags":[],"class_list":["post-3194","post","type-post","status-publish","format-standard","has-post-thumbnail","hentry","category-provinciadecastello"],"_links":{"self":[{"href":"https:\/\/elcafedepipa.com\/index.php\/wp-json\/wp\/v2\/posts\/3194","targetHints":{"allow":["GET"]}}],"collection":[{"href":"https:\/\/elcafedepipa.com\/index.php\/wp-json\/wp\/v2\/posts"}],"about":[{"href":"https:\/\/elcafedepipa.com\/index.php\/wp-json\/wp\/v2\/types\/post"}],"author":[{"embeddable":true,"href":"https:\/\/elcafedepipa.com\/index.php\/wp-json\/wp\/v2\/users\/2"}],"replies":[{"embeddable":true,"href":"https:\/\/elcafedepipa.com\/index.php\/wp-json\/wp\/v2\/comments?post=3194"}],"version-history":[{"count":0,"href":"https:\/\/elcafedepipa.com\/index.php\/wp-json\/wp\/v2\/posts\/3194\/revisions"}],"wp:featuredmedia":[{"embeddable":true,"href":"https:\/\/elcafedepipa.com\/index.php\/wp-json\/wp\/v2\/media\/3195"}],"wp:attachment":[{"href":"https:\/\/elcafedepipa.com\/index.php\/wp-json\/wp\/v2\/media?parent=3194"}],"wp:term":[{"taxonomy":"category","embeddable":true,"href":"https:\/\/elcafedepipa.com\/index.php\/wp-json\/wp\/v2\/categories?post=3194"},{"taxonomy":"post_tag","embeddable":true,"href":"https:\/\/elcafedepipa.com\/index.php\/wp-json\/wp\/v2\/tags?post=3194"}],"curies":[{"name":"wp","href":"https:\/\/api.w.org\/{rel}","templated":true}]}}