{"id":3170,"date":"2024-07-16T14:05:46","date_gmt":"2024-07-16T12:05:46","guid":{"rendered":"https:\/\/elcafedepipa.com\/?p=3170"},"modified":"2024-07-16T14:05:47","modified_gmt":"2024-07-16T12:05:47","slug":"lajuntament-de-moncofa-suneix-a-lacord-de-la-femp-per-reforcar-el-control-dels-impostos-locals","status":"publish","type":"post","link":"https:\/\/elcafedepipa.com\/index.php\/2024\/07\/16\/lajuntament-de-moncofa-suneix-a-lacord-de-la-femp-per-reforcar-el-control-dels-impostos-locals\/","title":{"rendered":"L&#8217;Ajuntament de Moncofa s&#8217;uneix a l&#8217;Acord de la FEMP per refor\u00e7ar el control dels impostos locals"},"content":{"rendered":"\n<p style=\"font-size:24px\"><strong>La localitat se suma a l&#8217;Acord per l&#8217;Inspecci\u00f3 Tribut\u00e0ria Municipal<\/strong><\/p>\n\n\n\n<p>L&#8217;Ajuntament de Moncofa ha adquirit l&#8217;Acord marc del Servici d&#8217;Assist\u00e8ncia T\u00e8cnica Tribut\u00e0ria de la Federaci\u00f3 Espanyola de Municipis i Prov\u00edncies per inspeccionar determinats impostos.&nbsp;Wences&nbsp;Al\u00f3s&nbsp;Valls, alcalde de Moncofa i responsable d&#8217;Hisenda, ha afirmat: &#8220;Els ciutadans de Moncofa saben que el nostre govern suporta impostos moderats i assegura que tots&nbsp;complesquen&nbsp;amb les seues obligacions.&#8221;<\/p>\n\n\n\n<p>La Federaci\u00f3 Espanyola de Municipis i Prov\u00edncies ofereix suport als ajuntaments en la comprovaci\u00f3 i inspecci\u00f3 tribut\u00e0ria, abordant impostos com l&#8217;IAE per a empreses de m\u00e9s d&#8217;un mili\u00f3 d&#8217;euros de facturaci\u00f3, l&#8217;ICIO, la taxa per ocupaci\u00f3 del s\u00f2l i altres, on s&#8217;han detectat diverses mancances de pagament.<\/p>\n\n\n\n<p>Mitjan\u00e7ant aquest servei, s&#8217;assegura que els contribuents&nbsp;complisquen&nbsp;correctament amb les seues obligacions segons la llei vigent. Segons&nbsp;Wences&nbsp;Al\u00f3s&nbsp;Valls: &#8220;Els impostos han de ser raonables, per\u00f2 \u00e9s responsabilitat de l&#8217;Ajuntament verificar que ning\u00fa&nbsp;evadeix&nbsp;la seua contribuci\u00f3.&#8221;<\/p>\n\n\n\n<p>El primer edil tamb\u00e9 recorda com durant el boom immobiliari, Moncofa no cobrava l&#8217;impost sobre la plusv\u00e0lua mentre l&#8217;IBI era al m\u00e0xim legal, resultant en una p\u00e8rdua substancial d&#8217;ingressos per al municipi.<\/p>\n\n\n\n<p><\/p>\n\n\n\n<p><br><\/p>\n","protected":false},"excerpt":{"rendered":"<p>La localitat se suma a l&#8217;Acord per l&#8217;Inspecci\u00f3 Tribut\u00e0ria Municipal L&#8217;Ajuntament de Moncofa ha adquirit l&#8217;Acord marc del Servici d&#8217;Assist\u00e8ncia T\u00e8cnica Tribut\u00e0ria de la Federaci\u00f3 Espanyola de Municipis i Prov\u00edncies per inspeccionar determinats impostos.&nbsp;Wences&nbsp;Al\u00f3s&nbsp;Valls, alcalde de Moncofa i responsable d&#8217;Hisenda, ha afirmat: &#8220;Els ciutadans de Moncofa saben que el nostre govern suporta impostos moderats i &#8230; <a title=\"L&#8217;Ajuntament de Moncofa s&#8217;uneix a l&#8217;Acord de la FEMP per refor\u00e7ar el control dels impostos locals\" class=\"read-more\" href=\"https:\/\/elcafedepipa.com\/index.php\/2024\/07\/16\/lajuntament-de-moncofa-suneix-a-lacord-de-la-femp-per-reforcar-el-control-dels-impostos-locals\/\" aria-label=\"M\u00e9s informaci\u00f3 sobre L&#8217;Ajuntament de Moncofa s&#8217;uneix a l&#8217;Acord de la FEMP per refor\u00e7ar el control dels impostos locals\">Read more<\/a><\/p>\n","protected":false},"author":2,"featured_media":3172,"comment_status":"closed","ping_status":"closed","sticky":false,"template":"","format":"standard","meta":{"om_disable_all_campaigns":false,"_monsterinsights_skip_tracking":false,"_monsterinsights_sitenote_active":false,"_monsterinsights_sitenote_note":"","_monsterinsights_sitenote_category":0,"_uf_show_specific_survey":0,"_uf_disable_surveys":false,"footnotes":""},"categories":[4],"tags":[],"class_list":["post-3170","post","type-post","status-publish","format-standard","has-post-thumbnail","hentry","category-moncofa"],"_links":{"self":[{"href":"https:\/\/elcafedepipa.com\/index.php\/wp-json\/wp\/v2\/posts\/3170","targetHints":{"allow":["GET"]}}],"collection":[{"href":"https:\/\/elcafedepipa.com\/index.php\/wp-json\/wp\/v2\/posts"}],"about":[{"href":"https:\/\/elcafedepipa.com\/index.php\/wp-json\/wp\/v2\/types\/post"}],"author":[{"embeddable":true,"href":"https:\/\/elcafedepipa.com\/index.php\/wp-json\/wp\/v2\/users\/2"}],"replies":[{"embeddable":true,"href":"https:\/\/elcafedepipa.com\/index.php\/wp-json\/wp\/v2\/comments?post=3170"}],"version-history":[{"count":0,"href":"https:\/\/elcafedepipa.com\/index.php\/wp-json\/wp\/v2\/posts\/3170\/revisions"}],"wp:featuredmedia":[{"embeddable":true,"href":"https:\/\/elcafedepipa.com\/index.php\/wp-json\/wp\/v2\/media\/3172"}],"wp:attachment":[{"href":"https:\/\/elcafedepipa.com\/index.php\/wp-json\/wp\/v2\/media?parent=3170"}],"wp:term":[{"taxonomy":"category","embeddable":true,"href":"https:\/\/elcafedepipa.com\/index.php\/wp-json\/wp\/v2\/categories?post=3170"},{"taxonomy":"post_tag","embeddable":true,"href":"https:\/\/elcafedepipa.com\/index.php\/wp-json\/wp\/v2\/tags?post=3170"}],"curies":[{"name":"wp","href":"https:\/\/api.w.org\/{rel}","templated":true}]}}