{"id":3165,"date":"2024-07-16T13:41:08","date_gmt":"2024-07-16T11:41:08","guid":{"rendered":"https:\/\/elcafedepipa.com\/?p=3165"},"modified":"2024-07-16T13:41:10","modified_gmt":"2024-07-16T11:41:10","slug":"la-diputacio-de-castello-executa-el-7738-del-pressupost-dinversions","status":"publish","type":"post","link":"https:\/\/elcafedepipa.com\/index.php\/2024\/07\/16\/la-diputacio-de-castello-executa-el-7738-del-pressupost-dinversions\/","title":{"rendered":"La Diputaci\u00f3 de Castell\u00f3 executa el 77,38% del pressupost d&#8217;inversions"},"content":{"rendered":"\n<p style=\"font-size:24px\"><strong>L&#8217;objectiu es garantir les infraestructures i els serveis b\u00e0sics dels municipis de la prov\u00edncia<\/strong><\/p>\n\n\n\n<p>La Diputaci\u00f3 Provincial de Castell\u00f3 ha executat el 77,38% del pressupost destinat a inversions per garantir les infraestructures i serveis b\u00e0sics dels municipis de la prov\u00edncia. Aquest \u00e9s un dels aspectes destacats en la jornada &#8216;Diputaci\u00f3 dels pobles&#8217; celebrada aquest dimarts pel Govern Provincial al palauet municipal Vila Elisa de Benic\u00e0ssim, com a part de l&#8217;aposta per fer que els pobles siguen els veritables protagonistes.<\/p>\n\n\n\n<p>La presidenta de la Diputaci\u00f3, Marta Barrachina, ha subratllat que \u201cen aquests primers sis mesos de l&#8217;any hem activat tots els mecanismes perqu\u00e8 aquesta administraci\u00f3 siga \u00e0gil i efica\u00e7 per a tota la prov\u00edncia, incidint especialment en els municipis m\u00e9s xicotets, que s\u00f3n la nostra ra\u00f3 de ser\u201d. En aquest sentit, destaca la posada a disposici\u00f3 dels ajuntaments, mancomunitats i entitats menors de 67,5 milions d&#8217;euros per a inversions i despesa corrent.<\/p>\n\n\n\n<p>Aquest import inclou el Fons de Cooperaci\u00f3 i el Pla Impulsa, dos plans que ofereixen ajudes als municipis de la prov\u00edncia. Barrachina ha indicat que \u201cel nostre objectiu des del minut zero \u00e9s donar les m\u00e0ximes oportunitats als 135 municipis i, tant amb el Fons de Cooperaci\u00f3 com amb el Pla Impulsa, aconseguim atendre les necessitats de manera real i efectiva i arribar on altres no arriben\u201d.<\/p>\n\n\n\n<p>El Pla Impulsa i el Fons de Cooperaci\u00f3 formen part del primer eix del pressupost 2024 de l&#8217;administraci\u00f3 provincial, destinat a impulsar els 135 municipis, amb l&#8217;objectiu de destinar m\u00e9s recursos, donar resposta a les necessitats dels castellonencs i solucionar problemes de manera eficient i efectiva.<\/p>\n\n\n\n<p>A m\u00e9s, el Govern Provincial ha activat diversos convenis singulars amb ajuntaments, aix\u00ed com el pla de transici\u00f3 energ\u00e8tica &#8216;Diputaci\u00f3 Resol, Diputaci\u00f3 Respon&#8217;, que inclou un pla d&#8217;helisuperf\u00edcies, una l\u00ednia de cr\u00e8dit per a cat\u00e0strofes i emerg\u00e8ncies, i una oficina t\u00e8cnica que resolga i agilitze els problemes dels municipis d&#8217;interior. Altres actuacions inclouen el pla d&#8217;emerg\u00e8ncies h\u00eddriques, el cicle de l&#8217;aigua i prove\u00efment, el subministrament de maquin\u00e0ria per al manteniment de pistes i camins, i ajudes per a les p\u00e8rdues i danys causats pels incendis dels anys 2022 i 2023.<\/p>\n\n\n\n<p>Durant la reuni\u00f3 a Vila Elisa, els diputats provincials han explicat el compliment del seu full de ruta i els objectius marcats en cada \u00e0rea de gesti\u00f3. \u201cAquest mig any de 2024 \u00e9s un exemple de compromisos complits i de treballar perqu\u00e8 aquesta Diputaci\u00f3 siga \u00e0gil i \u00fatil per als 135 municipis, i que el progr\u00e9s, el desenvolupament i les oportunitats arriben al conjunt del nostre territori\u201d, ha subratllat Marta Barrachina.<\/p>\n\n\n\n<p>A m\u00e9s de l&#8217;impuls als 135 municipis, s&#8217;ha repassat els altres grans eixos del pressupost 2024, que inclouen la dinamitzaci\u00f3 de la prov\u00edncia, l&#8217;atenci\u00f3 directa a les persones, l&#8217;aposta per la nostra identitat i la generaci\u00f3 d&#8217;oportunitats.<\/p>\n","protected":false},"excerpt":{"rendered":"<p>L&#8217;objectiu es garantir les infraestructures i els serveis b\u00e0sics dels municipis de la prov\u00edncia La Diputaci\u00f3 Provincial de Castell\u00f3 ha executat el 77,38% del pressupost destinat a inversions per garantir les infraestructures i serveis b\u00e0sics dels municipis de la prov\u00edncia. Aquest \u00e9s un dels aspectes destacats en la jornada &#8216;Diputaci\u00f3 dels pobles&#8217; celebrada aquest dimarts &#8230; <a title=\"La Diputaci\u00f3 de Castell\u00f3 executa el 77,38% del pressupost d&#8217;inversions\" class=\"read-more\" href=\"https:\/\/elcafedepipa.com\/index.php\/2024\/07\/16\/la-diputacio-de-castello-executa-el-7738-del-pressupost-dinversions\/\" aria-label=\"M\u00e9s informaci\u00f3 sobre La Diputaci\u00f3 de Castell\u00f3 executa el 77,38% del pressupost d&#8217;inversions\">Read more<\/a><\/p>\n","protected":false},"author":2,"featured_media":3166,"comment_status":"closed","ping_status":"closed","sticky":false,"template":"","format":"standard","meta":{"om_disable_all_campaigns":false,"_monsterinsights_skip_tracking":false,"_monsterinsights_sitenote_active":false,"_monsterinsights_sitenote_note":"","_monsterinsights_sitenote_category":0,"_uf_show_specific_survey":0,"_uf_disable_surveys":false,"footnotes":""},"categories":[10],"tags":[],"class_list":["post-3165","post","type-post","status-publish","format-standard","has-post-thumbnail","hentry","category-provinciadecastello"],"_links":{"self":[{"href":"https:\/\/elcafedepipa.com\/index.php\/wp-json\/wp\/v2\/posts\/3165","targetHints":{"allow":["GET"]}}],"collection":[{"href":"https:\/\/elcafedepipa.com\/index.php\/wp-json\/wp\/v2\/posts"}],"about":[{"href":"https:\/\/elcafedepipa.com\/index.php\/wp-json\/wp\/v2\/types\/post"}],"author":[{"embeddable":true,"href":"https:\/\/elcafedepipa.com\/index.php\/wp-json\/wp\/v2\/users\/2"}],"replies":[{"embeddable":true,"href":"https:\/\/elcafedepipa.com\/index.php\/wp-json\/wp\/v2\/comments?post=3165"}],"version-history":[{"count":0,"href":"https:\/\/elcafedepipa.com\/index.php\/wp-json\/wp\/v2\/posts\/3165\/revisions"}],"wp:featuredmedia":[{"embeddable":true,"href":"https:\/\/elcafedepipa.com\/index.php\/wp-json\/wp\/v2\/media\/3166"}],"wp:attachment":[{"href":"https:\/\/elcafedepipa.com\/index.php\/wp-json\/wp\/v2\/media?parent=3165"}],"wp:term":[{"taxonomy":"category","embeddable":true,"href":"https:\/\/elcafedepipa.com\/index.php\/wp-json\/wp\/v2\/categories?post=3165"},{"taxonomy":"post_tag","embeddable":true,"href":"https:\/\/elcafedepipa.com\/index.php\/wp-json\/wp\/v2\/tags?post=3165"}],"curies":[{"name":"wp","href":"https:\/\/api.w.org\/{rel}","templated":true}]}}