{"id":3140,"date":"2024-07-16T12:16:48","date_gmt":"2024-07-16T10:16:48","guid":{"rendered":"https:\/\/elcafedepipa.com\/?p=3140"},"modified":"2024-07-16T12:17:55","modified_gmt":"2024-07-16T10:17:55","slug":"exit-en-la-visita-guiada-i-recreacio-historica-de-les-fortificacions-del-cami-cabecol-a-nules","status":"publish","type":"post","link":"https:\/\/elcafedepipa.com\/index.php\/2024\/07\/16\/exit-en-la-visita-guiada-i-recreacio-historica-de-les-fortificacions-del-cami-cabecol-a-nules\/","title":{"rendered":"\u00c8xit en la visita guiada i recreaci\u00f3 hist\u00f2rica de les fortificacions del cam\u00ed Cabe\u00e7ol a Nules"},"content":{"rendered":"\n<p style=\"font-size:24px\"><strong>La participaci\u00f3 en l&#8217;esdeveniment sobre la Guerra Civil Espanyola organitzat per Arqueocas<\/strong> <strong>va ser alta<\/strong><\/p>\n\n\n\n<p>La visita guiada i recreaci\u00f3 hist\u00f2rica de les fortificacions del cam\u00ed Cabe\u00e7ol, organitzada per\u00a0Arqueocas, va tindre lloc el passat cap de setmana a\u00a0Nules. Amb la valuosa col\u00b7laboraci\u00f3 del &#8220;Grupo\u00a0de\u00a0Recreaci\u00f3n\u00a0Hist\u00f3rica\u00a0L\u00ednea\u00a0XYZ&#8221; i l\u2019&#8221;Asociaci\u00f3n\u00a0Hist\u00f3rico-Cultural\u00a0Ej\u00e9rcito\u00a0del\u00a0Turia&#8221;, els visitants han tingut l\u2019oportunitat de con\u00e9ixer de prop el pas de la Guerra Civil Espanyola pel litoral valenci\u00e0, la seua duresa a Nules i les conseq\u00fc\u00e8ncies que va tenir en aquestes terres.<\/p>\n\n\n\n<p>Durant l&#8217;activitat, els participants van poder interactuar en tot moment amb els recreadors i descobrir com era el dia a dia en temps de guerra, oferint una experi\u00e8ncia educativa i immersiva sobre un dels per\u00edodes m\u00e9s convulsos de la hist\u00f2ria espanyola.<\/p>\n","protected":false},"excerpt":{"rendered":"<p>La participaci\u00f3 en l&#8217;esdeveniment sobre la Guerra Civil Espanyola organitzat per Arqueocas va ser alta La visita guiada i recreaci\u00f3 hist\u00f2rica de les fortificacions del cam\u00ed Cabe\u00e7ol, organitzada per\u00a0Arqueocas, va tindre lloc el passat cap de setmana a\u00a0Nules. Amb la valuosa col\u00b7laboraci\u00f3 del &#8220;Grupo\u00a0de\u00a0Recreaci\u00f3n\u00a0Hist\u00f3rica\u00a0L\u00ednea\u00a0XYZ&#8221; i l\u2019&#8221;Asociaci\u00f3n\u00a0Hist\u00f3rico-Cultural\u00a0Ej\u00e9rcito\u00a0del\u00a0Turia&#8221;, els visitants han tingut l\u2019oportunitat de con\u00e9ixer de prop &#8230; <a title=\"\u00c8xit en la visita guiada i recreaci\u00f3 hist\u00f2rica de les fortificacions del cam\u00ed Cabe\u00e7ol a Nules\" class=\"read-more\" href=\"https:\/\/elcafedepipa.com\/index.php\/2024\/07\/16\/exit-en-la-visita-guiada-i-recreacio-historica-de-les-fortificacions-del-cami-cabecol-a-nules\/\" aria-label=\"M\u00e9s informaci\u00f3 sobre \u00c8xit en la visita guiada i recreaci\u00f3 hist\u00f2rica de les fortificacions del cam\u00ed Cabe\u00e7ol a Nules\">Read more<\/a><\/p>\n","protected":false},"author":2,"featured_media":3141,"comment_status":"closed","ping_status":"closed","sticky":false,"template":"","format":"standard","meta":{"om_disable_all_campaigns":false,"_monsterinsights_skip_tracking":false,"_monsterinsights_sitenote_active":false,"_monsterinsights_sitenote_note":"","_monsterinsights_sitenote_category":0,"_uf_show_specific_survey":0,"_uf_disable_surveys":false,"footnotes":""},"categories":[3],"tags":[],"class_list":["post-3140","post","type-post","status-publish","format-standard","has-post-thumbnail","hentry","category-nules"],"_links":{"self":[{"href":"https:\/\/elcafedepipa.com\/index.php\/wp-json\/wp\/v2\/posts\/3140","targetHints":{"allow":["GET"]}}],"collection":[{"href":"https:\/\/elcafedepipa.com\/index.php\/wp-json\/wp\/v2\/posts"}],"about":[{"href":"https:\/\/elcafedepipa.com\/index.php\/wp-json\/wp\/v2\/types\/post"}],"author":[{"embeddable":true,"href":"https:\/\/elcafedepipa.com\/index.php\/wp-json\/wp\/v2\/users\/2"}],"replies":[{"embeddable":true,"href":"https:\/\/elcafedepipa.com\/index.php\/wp-json\/wp\/v2\/comments?post=3140"}],"version-history":[{"count":0,"href":"https:\/\/elcafedepipa.com\/index.php\/wp-json\/wp\/v2\/posts\/3140\/revisions"}],"wp:featuredmedia":[{"embeddable":true,"href":"https:\/\/elcafedepipa.com\/index.php\/wp-json\/wp\/v2\/media\/3141"}],"wp:attachment":[{"href":"https:\/\/elcafedepipa.com\/index.php\/wp-json\/wp\/v2\/media?parent=3140"}],"wp:term":[{"taxonomy":"category","embeddable":true,"href":"https:\/\/elcafedepipa.com\/index.php\/wp-json\/wp\/v2\/categories?post=3140"},{"taxonomy":"post_tag","embeddable":true,"href":"https:\/\/elcafedepipa.com\/index.php\/wp-json\/wp\/v2\/tags?post=3140"}],"curies":[{"name":"wp","href":"https:\/\/api.w.org\/{rel}","templated":true}]}}