{"id":3138,"date":"2024-07-16T12:59:10","date_gmt":"2024-07-16T10:59:10","guid":{"rendered":"https:\/\/elcafedepipa.com\/?p=3138"},"modified":"2024-07-17T11:53:19","modified_gmt":"2024-07-17T09:53:19","slug":"la-ude-presenta-la-campanya-de-renovacio-i-captacio-de-socis-per-a-la-nova-temporada","status":"publish","type":"post","link":"https:\/\/elcafedepipa.com\/index.php\/2024\/07\/16\/la-ude-presenta-la-campanya-de-renovacio-i-captacio-de-socis-per-a-la-nova-temporada\/","title":{"rendered":"La UDE presenta la campanya de renovaci\u00f3 i captaci\u00f3 de socis per a la nova temporada"},"content":{"rendered":"\n<p style=\"font-size:24px\"><strong>El club valldeuxense busca arribar als mil socis en el seu retorn a Tercera RFEF<\/strong><\/p>\n\n\n\n<p>La sala de trofeus del vell Estadi Segarra ha estat l&#8217;escenari aquest mat\u00ed de la presentaci\u00f3 de la campanya de renovaci\u00f3 i captaci\u00f3 de nous socis de la Uni\u00f3\u00a0Deportiva\u00a0Vall d&#8217;Uix\u00f3, que torna a competir en categoria nacional\u00a022\u00a0anys despr\u00e9s. El president de la\u00a0UDE, Ximo Guzm\u00e1n, ha anunciat els preus dels abonaments, que han patit un lleuger augment despr\u00e9s de l&#8217;ascens de categoria. Els socis protectors pagaran\u00a070\u20ac, mentre que els\u00a0socis pensionistes\u00a0i joves fins a\u00a025\u00a0anys pagaran\u00a050\u20ac.<\/p>\n\n\n\n<p>Despr\u00e9s de la reeixida temporada passada, on els&nbsp;vallers&nbsp;es van proclamar Campions de Lliga Comunitat i van certificar el seu anhelat ascens directe a Tercera RFEF, la&nbsp;UDE&nbsp;ha tancat la seua plantilla amb importants renovacions i la incorporaci\u00f3 de 13 nous jugadors que combinaran experi\u00e8ncia i joventut sota la direcci\u00f3, per segon curs consecutiu, de Jos\u00e9 Manuel&nbsp;Descalzo.<\/p>\n\n\n\n<p>L&#8217;ambient al Pol\u00edgon de la&nbsp;Vernitxa&nbsp;est\u00e0 ple d&#8217;il\u00b7lusi\u00f3 i ganes de futbol, i per aix\u00f2 el club ha presentat la campanya de socis sota el lema &#8220;L&#8217;ess\u00e8ncia&nbsp;de la&nbsp;UDE&#8221;, amb l&#8217;objectiu de tornar a l&#8217;ess\u00e8ncia i als or\u00edgens del club en Tercera Divisi\u00f3, categoria que van perdre&nbsp;el maig&nbsp;de 2002.<\/p>\n\n\n\n<p>Des d&#8217;avui, qualsevol aficionat que vulga fer-se soci de la&nbsp;UDE, podr\u00e0 fer-ho passant per les oficines del Jos\u00e9&nbsp;Mangri\u00f1\u00e1n&nbsp;o de manera telem\u00e0tica. Amb preus molt assequibles per a la categoria, la&nbsp;UDE&nbsp;buscar\u00e0 arribar a la xifra m\u00e0gica dels mil socis. L&#8217;entrada en taquilla tindr\u00e0 un cost de&nbsp;15\u20ac, excepte en els partits que el club determine modificar aquesta quantitat. Com \u00e9s tradicional, la&nbsp;UDE&nbsp;continuar\u00e0 jugant els seus partits com a local els diumenges a la vesprada.<\/p>\n\n\n\n<p>A m\u00e9s, la&nbsp;UDE&nbsp;llan\u00e7a una campanya dirigida al comer\u00e7 i a les empreses locals per captar nous&nbsp;esp\u00f2nsors, oferint diversos tipus de publicitat i col\u00b7laboracions.<\/p>\n\n\n\n<p>Finalment, el president de la&nbsp;UDE&nbsp;ha destacat el gran esfor\u00e7 que ha realitzat el club per afrontar amb les m\u00e0ximes garanties possibles la tornada a la Tercera RFEF i ha animat tota la societat vallera a sumar-se a aquest ambici\u00f3s projecte que busca la consolidaci\u00f3 en categoria nacional.<\/p>\n","protected":false},"excerpt":{"rendered":"<p>El club valldeuxense busca arribar als mil socis en el seu retorn a Tercera RFEF La sala de trofeus del vell Estadi Segarra ha estat l&#8217;escenari aquest mat\u00ed de la presentaci\u00f3 de la campanya de renovaci\u00f3 i captaci\u00f3 de nous socis de la Uni\u00f3\u00a0Deportiva\u00a0Vall d&#8217;Uix\u00f3, que torna a competir en categoria nacional\u00a022\u00a0anys despr\u00e9s. El president &#8230; <a title=\"La UDE presenta la campanya de renovaci\u00f3 i captaci\u00f3 de socis per a la nova temporada\" class=\"read-more\" href=\"https:\/\/elcafedepipa.com\/index.php\/2024\/07\/16\/la-ude-presenta-la-campanya-de-renovacio-i-captacio-de-socis-per-a-la-nova-temporada\/\" aria-label=\"M\u00e9s informaci\u00f3 sobre La UDE presenta la campanya de renovaci\u00f3 i captaci\u00f3 de socis per a la nova temporada\">Read more<\/a><\/p>\n","protected":false},"author":2,"featured_media":3146,"comment_status":"closed","ping_status":"closed","sticky":false,"template":"","format":"standard","meta":{"om_disable_all_campaigns":false,"_monsterinsights_skip_tracking":false,"_monsterinsights_sitenote_active":false,"_monsterinsights_sitenote_note":"","_monsterinsights_sitenote_category":0,"_uf_show_specific_survey":0,"_uf_disable_surveys":false,"footnotes":""},"categories":[2],"tags":[],"class_list":["post-3138","post","type-post","status-publish","format-standard","has-post-thumbnail","hentry","category-lavallduixo"],"_links":{"self":[{"href":"https:\/\/elcafedepipa.com\/index.php\/wp-json\/wp\/v2\/posts\/3138","targetHints":{"allow":["GET"]}}],"collection":[{"href":"https:\/\/elcafedepipa.com\/index.php\/wp-json\/wp\/v2\/posts"}],"about":[{"href":"https:\/\/elcafedepipa.com\/index.php\/wp-json\/wp\/v2\/types\/post"}],"author":[{"embeddable":true,"href":"https:\/\/elcafedepipa.com\/index.php\/wp-json\/wp\/v2\/users\/2"}],"replies":[{"embeddable":true,"href":"https:\/\/elcafedepipa.com\/index.php\/wp-json\/wp\/v2\/comments?post=3138"}],"version-history":[{"count":0,"href":"https:\/\/elcafedepipa.com\/index.php\/wp-json\/wp\/v2\/posts\/3138\/revisions"}],"wp:featuredmedia":[{"embeddable":true,"href":"https:\/\/elcafedepipa.com\/index.php\/wp-json\/wp\/v2\/media\/3146"}],"wp:attachment":[{"href":"https:\/\/elcafedepipa.com\/index.php\/wp-json\/wp\/v2\/media?parent=3138"}],"wp:term":[{"taxonomy":"category","embeddable":true,"href":"https:\/\/elcafedepipa.com\/index.php\/wp-json\/wp\/v2\/categories?post=3138"},{"taxonomy":"post_tag","embeddable":true,"href":"https:\/\/elcafedepipa.com\/index.php\/wp-json\/wp\/v2\/tags?post=3138"}],"curies":[{"name":"wp","href":"https:\/\/api.w.org\/{rel}","templated":true}]}}