{"id":3131,"date":"2024-07-16T14:01:24","date_gmt":"2024-07-16T12:01:24","guid":{"rendered":"https:\/\/elcafedepipa.com\/?p=3131"},"modified":"2024-07-16T14:01:26","modified_gmt":"2024-07-16T12:01:26","slug":"podcast-el-pspv-lamenta-que-no-haja-sigut-mazon-qui-aparte-lextrema-dreta-del-govern-autonomic","status":"publish","type":"post","link":"https:\/\/elcafedepipa.com\/index.php\/2024\/07\/16\/podcast-el-pspv-lamenta-que-no-haja-sigut-mazon-qui-aparte-lextrema-dreta-del-govern-autonomic\/","title":{"rendered":"Podcast | El PSPV lamenta que no haja sigut Maz\u00f3n qui aparte l&#8217;extrema dreta del govern auton\u00f2mic"},"content":{"rendered":"\n<p><strong>\u00c0UDIO | <\/strong>Amb la portaveu adjunta del PSPV a Les Corts, Maria Jos\u00e9 Salvador, repassem tots els canvis que s&#8217;han produ\u00eft en els \u00faltims dies al govern valenci\u00e0. Lamenta que haja sigut Vox qui se&#8217;n vaja del Consell i no el Partit Popular, liderat pel president Carlos Maz\u00f3n, qui els aparte.<\/p>\n\n\n\n<figure class=\"wp-block-audio\"><audio controls src=\"https:\/\/elcafedepipa.com\/wp-content\/uploads\/2024\/07\/mjsalvador16jul_.mp3\"><\/audio><\/figure>\n","protected":false},"excerpt":{"rendered":"<p>\u00c0UDIO | Amb la portaveu adjunta del PSPV a Les Corts, Maria Jos\u00e9 Salvador, repassem tots els canvis que s&#8217;han produ\u00eft en els \u00faltims dies al govern valenci\u00e0. Lamenta que haja sigut Vox qui se&#8217;n vaja del Consell i no el Partit Popular, liderat pel president Carlos Maz\u00f3n, qui els aparte.<\/p>\n","protected":false},"author":2,"featured_media":3135,"comment_status":"open","ping_status":"open","sticky":false,"template":"","format":"standard","meta":{"om_disable_all_campaigns":false,"_monsterinsights_skip_tracking":false,"_monsterinsights_sitenote_active":false,"_monsterinsights_sitenote_note":"","_monsterinsights_sitenote_category":0,"_uf_show_specific_survey":0,"_uf_disable_surveys":false,"footnotes":""},"categories":[11],"tags":[],"class_list":["post-3131","post","type-post","status-publish","format-standard","has-post-thumbnail","hentry","category-comunitatvalenciana"],"_links":{"self":[{"href":"https:\/\/elcafedepipa.com\/index.php\/wp-json\/wp\/v2\/posts\/3131","targetHints":{"allow":["GET"]}}],"collection":[{"href":"https:\/\/elcafedepipa.com\/index.php\/wp-json\/wp\/v2\/posts"}],"about":[{"href":"https:\/\/elcafedepipa.com\/index.php\/wp-json\/wp\/v2\/types\/post"}],"author":[{"embeddable":true,"href":"https:\/\/elcafedepipa.com\/index.php\/wp-json\/wp\/v2\/users\/2"}],"replies":[{"embeddable":true,"href":"https:\/\/elcafedepipa.com\/index.php\/wp-json\/wp\/v2\/comments?post=3131"}],"version-history":[{"count":0,"href":"https:\/\/elcafedepipa.com\/index.php\/wp-json\/wp\/v2\/posts\/3131\/revisions"}],"wp:featuredmedia":[{"embeddable":true,"href":"https:\/\/elcafedepipa.com\/index.php\/wp-json\/wp\/v2\/media\/3135"}],"wp:attachment":[{"href":"https:\/\/elcafedepipa.com\/index.php\/wp-json\/wp\/v2\/media?parent=3131"}],"wp:term":[{"taxonomy":"category","embeddable":true,"href":"https:\/\/elcafedepipa.com\/index.php\/wp-json\/wp\/v2\/categories?post=3131"},{"taxonomy":"post_tag","embeddable":true,"href":"https:\/\/elcafedepipa.com\/index.php\/wp-json\/wp\/v2\/tags?post=3131"}],"curies":[{"name":"wp","href":"https:\/\/api.w.org\/{rel}","templated":true}]}}