{"id":3130,"date":"2024-07-16T13:11:54","date_gmt":"2024-07-16T11:11:54","guid":{"rendered":"https:\/\/elcafedepipa.com\/?p=3130"},"modified":"2024-07-16T13:11:57","modified_gmt":"2024-07-16T11:11:57","slug":"podcast-nules-se-suma-un-any-mes-a-la-campanya-decovidrio-banderes-verdes","status":"publish","type":"post","link":"https:\/\/elcafedepipa.com\/index.php\/2024\/07\/16\/podcast-nules-se-suma-un-any-mes-a-la-campanya-decovidrio-banderes-verdes\/","title":{"rendered":"Podcast | Nules se suma un any m\u00e9s a la campanya d\u2019Ecovidrio Banderes Verdes"},"content":{"rendered":"\n<p><strong>\u00c0UDIO | <\/strong>Nules se suma un any m\u00e9s a la campanya d&#8217;Ecovidrio<em> Banderes Verdes<\/em>, que reconeix el comprom\u00eds dels municipis amb el reciclatge d&#8217;envasos de vidre i la lluita contra el canvi clim\u00e0tic. Ens ho conta el regidor de Medi Ambient del municipi, C\u00e9sar Esta\u00f1ol, qui tamb\u00e9 ens parla del primer tall de mel\u00f3 que es va fer la setmana passada per posar en valor els productes de la marjal de Nules.<\/p>\n\n\n\n<figure class=\"wp-block-audio\"><audio controls src=\"https:\/\/elcafedepipa.com\/wp-content\/uploads\/2024\/07\/cesar16jul_.mp3\"><\/audio><\/figure>\n","protected":false},"excerpt":{"rendered":"<p>\u00c0UDIO | Nules se suma un any m\u00e9s a la campanya d&#8217;Ecovidrio Banderes Verdes, que reconeix el comprom\u00eds dels municipis amb el reciclatge d&#8217;envasos de vidre i la lluita contra el canvi clim\u00e0tic. Ens ho conta el regidor de Medi Ambient del municipi, C\u00e9sar Esta\u00f1ol, qui tamb\u00e9 ens parla del primer tall de mel\u00f3 que &#8230; <a title=\"Podcast | Nules se suma un any m\u00e9s a la campanya d\u2019Ecovidrio Banderes Verdes\" class=\"read-more\" href=\"https:\/\/elcafedepipa.com\/index.php\/2024\/07\/16\/podcast-nules-se-suma-un-any-mes-a-la-campanya-decovidrio-banderes-verdes\/\" aria-label=\"M\u00e9s informaci\u00f3 sobre Podcast | Nules se suma un any m\u00e9s a la campanya d\u2019Ecovidrio Banderes Verdes\">Read more<\/a><\/p>\n","protected":false},"author":2,"featured_media":3150,"comment_status":"closed","ping_status":"closed","sticky":false,"template":"","format":"standard","meta":{"om_disable_all_campaigns":false,"_monsterinsights_skip_tracking":false,"_monsterinsights_sitenote_active":false,"_monsterinsights_sitenote_note":"","_monsterinsights_sitenote_category":0,"_uf_show_specific_survey":0,"_uf_disable_surveys":false,"footnotes":""},"categories":[3],"tags":[],"class_list":["post-3130","post","type-post","status-publish","format-standard","has-post-thumbnail","hentry","category-nules"],"_links":{"self":[{"href":"https:\/\/elcafedepipa.com\/index.php\/wp-json\/wp\/v2\/posts\/3130","targetHints":{"allow":["GET"]}}],"collection":[{"href":"https:\/\/elcafedepipa.com\/index.php\/wp-json\/wp\/v2\/posts"}],"about":[{"href":"https:\/\/elcafedepipa.com\/index.php\/wp-json\/wp\/v2\/types\/post"}],"author":[{"embeddable":true,"href":"https:\/\/elcafedepipa.com\/index.php\/wp-json\/wp\/v2\/users\/2"}],"replies":[{"embeddable":true,"href":"https:\/\/elcafedepipa.com\/index.php\/wp-json\/wp\/v2\/comments?post=3130"}],"version-history":[{"count":0,"href":"https:\/\/elcafedepipa.com\/index.php\/wp-json\/wp\/v2\/posts\/3130\/revisions"}],"wp:featuredmedia":[{"embeddable":true,"href":"https:\/\/elcafedepipa.com\/index.php\/wp-json\/wp\/v2\/media\/3150"}],"wp:attachment":[{"href":"https:\/\/elcafedepipa.com\/index.php\/wp-json\/wp\/v2\/media?parent=3130"}],"wp:term":[{"taxonomy":"category","embeddable":true,"href":"https:\/\/elcafedepipa.com\/index.php\/wp-json\/wp\/v2\/categories?post=3130"},{"taxonomy":"post_tag","embeddable":true,"href":"https:\/\/elcafedepipa.com\/index.php\/wp-json\/wp\/v2\/tags?post=3130"}],"curies":[{"name":"wp","href":"https:\/\/api.w.org\/{rel}","templated":true}]}}