{"id":3122,"date":"2024-07-16T10:00:49","date_gmt":"2024-07-16T08:00:49","guid":{"rendered":"https:\/\/elcafedepipa.com\/?p=3122"},"modified":"2024-07-16T10:00:50","modified_gmt":"2024-07-16T08:00:50","slug":"marta-barrachina-enaltix-el-compromis-de-cofares-amb-el-desenvolupament-empresarial-a-castello","status":"publish","type":"post","link":"https:\/\/elcafedepipa.com\/index.php\/2024\/07\/16\/marta-barrachina-enaltix-el-compromis-de-cofares-amb-el-desenvolupament-empresarial-a-castello\/","title":{"rendered":"Marta Barrachina enaltix el comprom\u00eds de Cofares amb el desenvolupament empresarial a Castell\u00f3"},"content":{"rendered":"\n<p style=\"font-size:24px\"><strong>La presidenta de la Diputaci\u00f3 assisteix a la inauguraci\u00f3 de la nova plataforma log\u00edstica farmac\u00e8utica a Onda<\/strong><\/p>\n\n\n\n<p>La presidenta de la Diputaci\u00f3 Provincial de Castell\u00f3, Marta&nbsp;Barrachina, ha lloat l&#8217;aposta de&nbsp;Cofares&nbsp;per impulsar el desenvolupament empresarial i la creaci\u00f3 d&#8217;oportunitats laborals a la prov\u00edncia.&nbsp;Barrachina&nbsp;ha assistit aquesta vesprada a la inauguraci\u00f3 de la plataforma log\u00edstica farmac\u00e8utica de&nbsp;Cofares&nbsp;a Onda, destacant l&#8217;elecci\u00f3 de la prov\u00edncia per part d&#8217;una de les principals empreses de distribuci\u00f3 farmac\u00e8utica d&#8217;Espanya.<\/p>\n\n\n\n<p>&#8220;Este nou centre de distribuci\u00f3 \u00e9s un gran pas endavant per a l&#8217;efici\u00e8ncia i la innovaci\u00f3 en la distribuci\u00f3 de medicaments a la nostra prov\u00edncia. El d&#8217;Onda ser\u00e0 un dels centres m\u00e9s destacats tant per la seua tecnologia com per la seua activitat&#8221;, ha expressat Marta\u00a0Barrachina. Tamb\u00e9 ha subratllat la import\u00e0ncia d&#8217;aquest\u00a0nou centre: &#8220;Permetr\u00e0 garantir amb majors nivells d&#8217;efic\u00e0cia la distribuci\u00f3 de f\u00e0rmacs i altres productes de salut entre les farm\u00e0cies de la prov\u00edncia&#8221;.<\/p>\n","protected":false},"excerpt":{"rendered":"<p>La presidenta de la Diputaci\u00f3 assisteix a la inauguraci\u00f3 de la nova plataforma log\u00edstica farmac\u00e8utica a Onda La presidenta de la Diputaci\u00f3 Provincial de Castell\u00f3, Marta&nbsp;Barrachina, ha lloat l&#8217;aposta de&nbsp;Cofares&nbsp;per impulsar el desenvolupament empresarial i la creaci\u00f3 d&#8217;oportunitats laborals a la prov\u00edncia.&nbsp;Barrachina&nbsp;ha assistit aquesta vesprada a la inauguraci\u00f3 de la plataforma log\u00edstica farmac\u00e8utica de&nbsp;Cofares&nbsp;a Onda, &#8230; <a title=\"Marta Barrachina enaltix el comprom\u00eds de Cofares amb el desenvolupament empresarial a Castell\u00f3\" class=\"read-more\" href=\"https:\/\/elcafedepipa.com\/index.php\/2024\/07\/16\/marta-barrachina-enaltix-el-compromis-de-cofares-amb-el-desenvolupament-empresarial-a-castello\/\" aria-label=\"M\u00e9s informaci\u00f3 sobre Marta Barrachina enaltix el comprom\u00eds de Cofares amb el desenvolupament empresarial a Castell\u00f3\">Read more<\/a><\/p>\n","protected":false},"author":2,"featured_media":3123,"comment_status":"closed","ping_status":"closed","sticky":false,"template":"","format":"standard","meta":{"om_disable_all_campaigns":false,"_monsterinsights_skip_tracking":false,"_monsterinsights_sitenote_active":false,"_monsterinsights_sitenote_note":"","_monsterinsights_sitenote_category":0,"_uf_show_specific_survey":0,"_uf_disable_surveys":false,"footnotes":""},"categories":[10],"tags":[],"class_list":["post-3122","post","type-post","status-publish","format-standard","has-post-thumbnail","hentry","category-provinciadecastello"],"_links":{"self":[{"href":"https:\/\/elcafedepipa.com\/index.php\/wp-json\/wp\/v2\/posts\/3122","targetHints":{"allow":["GET"]}}],"collection":[{"href":"https:\/\/elcafedepipa.com\/index.php\/wp-json\/wp\/v2\/posts"}],"about":[{"href":"https:\/\/elcafedepipa.com\/index.php\/wp-json\/wp\/v2\/types\/post"}],"author":[{"embeddable":true,"href":"https:\/\/elcafedepipa.com\/index.php\/wp-json\/wp\/v2\/users\/2"}],"replies":[{"embeddable":true,"href":"https:\/\/elcafedepipa.com\/index.php\/wp-json\/wp\/v2\/comments?post=3122"}],"version-history":[{"count":0,"href":"https:\/\/elcafedepipa.com\/index.php\/wp-json\/wp\/v2\/posts\/3122\/revisions"}],"wp:featuredmedia":[{"embeddable":true,"href":"https:\/\/elcafedepipa.com\/index.php\/wp-json\/wp\/v2\/media\/3123"}],"wp:attachment":[{"href":"https:\/\/elcafedepipa.com\/index.php\/wp-json\/wp\/v2\/media?parent=3122"}],"wp:term":[{"taxonomy":"category","embeddable":true,"href":"https:\/\/elcafedepipa.com\/index.php\/wp-json\/wp\/v2\/categories?post=3122"},{"taxonomy":"post_tag","embeddable":true,"href":"https:\/\/elcafedepipa.com\/index.php\/wp-json\/wp\/v2\/tags?post=3122"}],"curies":[{"name":"wp","href":"https:\/\/api.w.org\/{rel}","templated":true}]}}