{"id":3109,"date":"2024-07-16T13:46:20","date_gmt":"2024-07-16T11:46:20","guid":{"rendered":"https:\/\/elcafedepipa.com\/?p=3109"},"modified":"2024-07-16T13:46:24","modified_gmt":"2024-07-16T11:46:24","slug":"podcast-la-llosa-rep-a-carlos-mazon-en-la-junta-directiva-del-partit-popular-de-castello","status":"publish","type":"post","link":"https:\/\/elcafedepipa.com\/index.php\/2024\/07\/16\/podcast-la-llosa-rep-a-carlos-mazon-en-la-junta-directiva-del-partit-popular-de-castello\/","title":{"rendered":"Podcast | La Llosa rep a Carlos Maz\u00f3n en la junta directiva del Partit Popular de Castell\u00f3"},"content":{"rendered":"\n<p><strong>\u00c0UDIO |<\/strong> La Llosa va albergar ahir la junta provincial del comit\u00e9 executiu i junta directiva del Partit Popular de Castell\u00f3, que va comptar amb la pres\u00e8ncia del president del PP Comunitat Valenciana i de la Generalitat, Carlos Maz\u00f3n. Ens ho conta el secretari general del PP local i alcalde de La Llosa, Ximo Llopis. Amb ell tamb\u00e9 repassem altres q\u00fcestions d&#8217;actualitat del municipi, com les activitats que estan en marxa a la piscina municipal o l&#8217;estat d&#8217;alguns projectes com el Pla Edificant o les obres del mur del canal de la gola, entre altres.<\/p>\n\n\n\n<figure class=\"wp-block-audio\"><audio controls src=\"https:\/\/elcafedepipa.com\/wp-content\/uploads\/2024\/07\/llopis16jul.mp3\"><\/audio><\/figure>\n","protected":false},"excerpt":{"rendered":"<p>\u00c0UDIO | La Llosa va albergar ahir la junta provincial del comit\u00e9 executiu i junta directiva del Partit Popular de Castell\u00f3, que va comptar amb la pres\u00e8ncia del president del PP Comunitat Valenciana i de la Generalitat, Carlos Maz\u00f3n. Ens ho conta el secretari general del PP local i alcalde de La Llosa, Ximo Llopis. &#8230; <a title=\"Podcast | La Llosa rep a Carlos Maz\u00f3n en la junta directiva del Partit Popular de Castell\u00f3\" class=\"read-more\" href=\"https:\/\/elcafedepipa.com\/index.php\/2024\/07\/16\/podcast-la-llosa-rep-a-carlos-mazon-en-la-junta-directiva-del-partit-popular-de-castello\/\" aria-label=\"M\u00e9s informaci\u00f3 sobre Podcast | La Llosa rep a Carlos Maz\u00f3n en la junta directiva del Partit Popular de Castell\u00f3\">Read more<\/a><\/p>\n","protected":false},"author":2,"featured_media":3110,"comment_status":"closed","ping_status":"closed","sticky":false,"template":"","format":"standard","meta":{"om_disable_all_campaigns":false,"_monsterinsights_skip_tracking":false,"_monsterinsights_sitenote_active":false,"_monsterinsights_sitenote_note":"","_monsterinsights_sitenote_category":0,"_uf_show_specific_survey":0,"_uf_disable_surveys":false,"footnotes":""},"categories":[8],"tags":[],"class_list":["post-3109","post","type-post","status-publish","format-standard","has-post-thumbnail","hentry","category-lallosa"],"_links":{"self":[{"href":"https:\/\/elcafedepipa.com\/index.php\/wp-json\/wp\/v2\/posts\/3109","targetHints":{"allow":["GET"]}}],"collection":[{"href":"https:\/\/elcafedepipa.com\/index.php\/wp-json\/wp\/v2\/posts"}],"about":[{"href":"https:\/\/elcafedepipa.com\/index.php\/wp-json\/wp\/v2\/types\/post"}],"author":[{"embeddable":true,"href":"https:\/\/elcafedepipa.com\/index.php\/wp-json\/wp\/v2\/users\/2"}],"replies":[{"embeddable":true,"href":"https:\/\/elcafedepipa.com\/index.php\/wp-json\/wp\/v2\/comments?post=3109"}],"version-history":[{"count":0,"href":"https:\/\/elcafedepipa.com\/index.php\/wp-json\/wp\/v2\/posts\/3109\/revisions"}],"wp:featuredmedia":[{"embeddable":true,"href":"https:\/\/elcafedepipa.com\/index.php\/wp-json\/wp\/v2\/media\/3110"}],"wp:attachment":[{"href":"https:\/\/elcafedepipa.com\/index.php\/wp-json\/wp\/v2\/media?parent=3109"}],"wp:term":[{"taxonomy":"category","embeddable":true,"href":"https:\/\/elcafedepipa.com\/index.php\/wp-json\/wp\/v2\/categories?post=3109"},{"taxonomy":"post_tag","embeddable":true,"href":"https:\/\/elcafedepipa.com\/index.php\/wp-json\/wp\/v2\/tags?post=3109"}],"curies":[{"name":"wp","href":"https:\/\/api.w.org\/{rel}","templated":true}]}}