{"id":3100,"date":"2024-07-15T18:03:27","date_gmt":"2024-07-15T16:03:27","guid":{"rendered":"https:\/\/elcafedepipa.com\/?p=3100"},"modified":"2024-07-15T18:03:28","modified_gmt":"2024-07-15T16:03:28","slug":"la-diputacio-provincial-de-castello-concedix-200-000-euros-per-a-la-millora-de-les-senderes-de-titularitat-publica-o-senderes-homologades","status":"publish","type":"post","link":"https:\/\/elcafedepipa.com\/index.php\/2024\/07\/15\/la-diputacio-provincial-de-castello-concedix-200-000-euros-per-a-la-millora-de-les-senderes-de-titularitat-publica-o-senderes-homologades\/","title":{"rendered":"La Diputaci\u00f3 Provincial de Castell\u00f3 concedix 200.000 euros per a la millora de les senderes de titularitat p\u00fablica o senderes homologades"},"content":{"rendered":"\n<p><strong>Les subvencions de la present convocat\u00f2ria es destinaran a sufragar actuacions de manteniment i conservaci\u00f3, homologaci\u00f3 i divulgaci\u00f3<\/strong><\/p>\n\n\n\n<p>La instituci\u00f3 provincial ha aprovat les bases de la convocat\u00f2ria d&#8217;ajudes destinada als ajuntaments de la prov\u00edncia per a la realitzaci\u00f3 d&#8217;actuacions en el medi natural. \u201cEstes ajudes s\u00f3n un reflex del comprom\u00eds que este equip de Govern, presidit per Marta&nbsp;Barrachina, t\u00e9 per anar amb els ajuntaments de la nostra prov\u00edncia i refor\u00e7ar les nostres ajudes amb l&#8217;objectiu de protegir el nostre ric i variat patrimoni natural\u201d, ha subratllat el diputat de Medi Natural, Jos\u00e9 Mar\u00eda&nbsp;Andr\u00e9s.<\/p>\n\n\n\n<p>En este sentit, el diputat provincial ha ressaltat la import\u00e0ncia que tenen estes ajudes, dirigides als ajuntaments de la prov\u00edncia, ja que \u201cpermetran protegir l&#8217;entorn natural, mantindre i conservar les zones verdes de la nostra terra i facilitar el pas dels esportistes\u201d. \u201cSom una prov\u00edncia envejable, amb milers de quil\u00f2metres de paratges naturals que envolten el nostre territori i&nbsp;embellixen&nbsp;els 135 municipis de la nostra terra i amb estes ajudes pretenem impulsar actuacions per a la protecci\u00f3, conservaci\u00f3 i promoci\u00f3 del patrimoni arbori i monumental de la prov\u00edncia\u201d, ha assenyalat Jos\u00e9 Mar\u00eda&nbsp;Andr\u00e9s.<\/p>\n\n\n\n<p>A m\u00e9s, amb estes subvencions la Diputaci\u00f3 de Castell\u00f3 vol promoure \u201cla realitzaci\u00f3 d&#8217;activitats de conservaci\u00f3 i millora dels paratges i espais naturals i impulsar actuacions per a l&#8217;adequaci\u00f3, millora i divulgaci\u00f3 de senderes\u201d, ha manifestat el diputat, qui ha posat l&#8217;accent en la import\u00e0ncia de \u201ctindre unes senderes en bon estat i senyalitzades perqu\u00e8 el senderista i esportista puga gaudir de les nostres muntanyes en seguretat i tamb\u00e9 apreciar el seu entorn\u201d.<\/p>\n\n\n\n<p>Quant a les bases que regiran la convocat\u00f2ria, el diputat responsable de l&#8217;\u00e0rea ha explicat que \u201cpodran beneficiar-se d&#8217;estes ajudes els ajuntaments de la prov\u00edncia de Castell\u00f3 que tinguen en el seu \u00e0mbit territorial senderes de titularitat p\u00fablica o senderes homologades\u201d.<\/p>\n\n\n\n<p>Pel que fa a les activitats subvencionables, el diputat ha apuntat que \u201cles subvencions es destinaran a actuacions de manteniment i conservaci\u00f3 de les zones naturals dels municipis, actuacions d&#8217;homologaci\u00f3, referits als tr\u00e0mits de preparaci\u00f3 i homologaci\u00f3 de senderes, aix\u00ed com a actuacions de divulgaci\u00f3\u201d. En tot cas, les actuacions han de respectar les normes de marcatge i homologaci\u00f3 establides per les federacions senderistes&nbsp;a nivell nacional&nbsp;i auton\u00f2mic.<\/p>\n\n\n\n<p>La quantia de l&#8217;ajuda no podr\u00e0 superar el 90% en municipis de fins a 500 habitants; el 75% en municipis de 501 a 5.000 habitants; i el 50% en pobles de m\u00e9s de 5.000 habitants de les&nbsp;despeses&nbsp;subvencionables de l&#8217;activitat, sent la subvenci\u00f3 m\u00e0xima per beneficiari de 5.000 euros, excepte en aquells casos especials. Aix\u00ed mateix, la&nbsp;despesa&nbsp;m\u00e0xima subvencionable de la mem\u00f2ria justificativa per a l&#8217;homologaci\u00f3 de la sendera ser\u00e0 de 1.500 euros.<\/p>\n\n\n\n<p>Els interessats a conc\u00f3rrer en este procediment hauran de presentar les seues sol\u00b7licituds dins del termini de&nbsp;30&nbsp;dies naturals a comptar des de l&#8217;endem\u00e0 de la publicaci\u00f3 de l&#8217;extracte de la convocat\u00f2ria en el Butllet\u00ed Oficial de la Prov\u00edncia (BOP).<\/p>\n","protected":false},"excerpt":{"rendered":"<p>Les subvencions de la present convocat\u00f2ria es destinaran a sufragar actuacions de manteniment i conservaci\u00f3, homologaci\u00f3 i divulgaci\u00f3 La instituci\u00f3 provincial ha aprovat les bases de la convocat\u00f2ria d&#8217;ajudes destinada als ajuntaments de la prov\u00edncia per a la realitzaci\u00f3 d&#8217;actuacions en el medi natural. \u201cEstes ajudes s\u00f3n un reflex del comprom\u00eds que este equip de &#8230; <a title=\"La Diputaci\u00f3 Provincial de Castell\u00f3 concedix 200.000 euros per a la millora de les senderes de titularitat p\u00fablica o senderes homologades\" class=\"read-more\" href=\"https:\/\/elcafedepipa.com\/index.php\/2024\/07\/15\/la-diputacio-provincial-de-castello-concedix-200-000-euros-per-a-la-millora-de-les-senderes-de-titularitat-publica-o-senderes-homologades\/\" aria-label=\"M\u00e9s informaci\u00f3 sobre La Diputaci\u00f3 Provincial de Castell\u00f3 concedix 200.000 euros per a la millora de les senderes de titularitat p\u00fablica o senderes homologades\">Read more<\/a><\/p>\n","protected":false},"author":2,"featured_media":3101,"comment_status":"closed","ping_status":"closed","sticky":false,"template":"","format":"standard","meta":{"om_disable_all_campaigns":false,"_monsterinsights_skip_tracking":false,"_monsterinsights_sitenote_active":false,"_monsterinsights_sitenote_note":"","_monsterinsights_sitenote_category":0,"_uf_show_specific_survey":0,"_uf_disable_surveys":false,"footnotes":""},"categories":[10],"tags":[],"class_list":["post-3100","post","type-post","status-publish","format-standard","has-post-thumbnail","hentry","category-provinciadecastello"],"_links":{"self":[{"href":"https:\/\/elcafedepipa.com\/index.php\/wp-json\/wp\/v2\/posts\/3100","targetHints":{"allow":["GET"]}}],"collection":[{"href":"https:\/\/elcafedepipa.com\/index.php\/wp-json\/wp\/v2\/posts"}],"about":[{"href":"https:\/\/elcafedepipa.com\/index.php\/wp-json\/wp\/v2\/types\/post"}],"author":[{"embeddable":true,"href":"https:\/\/elcafedepipa.com\/index.php\/wp-json\/wp\/v2\/users\/2"}],"replies":[{"embeddable":true,"href":"https:\/\/elcafedepipa.com\/index.php\/wp-json\/wp\/v2\/comments?post=3100"}],"version-history":[{"count":0,"href":"https:\/\/elcafedepipa.com\/index.php\/wp-json\/wp\/v2\/posts\/3100\/revisions"}],"wp:featuredmedia":[{"embeddable":true,"href":"https:\/\/elcafedepipa.com\/index.php\/wp-json\/wp\/v2\/media\/3101"}],"wp:attachment":[{"href":"https:\/\/elcafedepipa.com\/index.php\/wp-json\/wp\/v2\/media?parent=3100"}],"wp:term":[{"taxonomy":"category","embeddable":true,"href":"https:\/\/elcafedepipa.com\/index.php\/wp-json\/wp\/v2\/categories?post=3100"},{"taxonomy":"post_tag","embeddable":true,"href":"https:\/\/elcafedepipa.com\/index.php\/wp-json\/wp\/v2\/tags?post=3100"}],"curies":[{"name":"wp","href":"https:\/\/api.w.org\/{rel}","templated":true}]}}