{"id":3052,"date":"2024-07-15T10:40:04","date_gmt":"2024-07-15T08:40:04","guid":{"rendered":"https:\/\/elcafedepipa.com\/?p=3052"},"modified":"2024-07-15T10:40:08","modified_gmt":"2024-07-15T08:40:08","slug":"la-vall-duixo-celebra-la-recepcio-dels-xiquets-sahrauis-del-programa-vacances-en-pau","status":"publish","type":"post","link":"https:\/\/elcafedepipa.com\/index.php\/2024\/07\/15\/la-vall-duixo-celebra-la-recepcio-dels-xiquets-sahrauis-del-programa-vacances-en-pau\/","title":{"rendered":"La Vall d&#8217;Uix\u00f3 celebra la recepci\u00f3 dels xiquets sahrau\u00eds del programa &#8220;Vacances en pau&#8221;"},"content":{"rendered":"\n<p style=\"font-size:24px\"><strong>L&#8217;Ajuntament dona suport al poble sahrau\u00ed amb actes culturals i la hissada de la bandera<\/strong><\/p>\n\n\n\n<p>L&#8217;Ajuntament de la Vall d&#8217;Uix\u00f3 ha celebrat la recepci\u00f3 oficial dels set xiquets sahrau\u00eds del programa &#8216;Vacances en pau&#8217;, que enguany ha complit&nbsp;30&nbsp;anys gr\u00e0cies a l&#8217;associaci\u00f3 local Smara. L&#8217;acte va incloure l&#8217;actuaci\u00f3 del Grup de Saxos i alumnes de cant del&nbsp;CIAC, i la participaci\u00f3 del Consell Municipal d&#8217;Inf\u00e0ncia i Adolesc\u00e8ncia.&nbsp;En&nbsp;finalitzar, es va hissar la bandera del S\u00e0hara Occidental al balc\u00f3 de l&#8217;Ajuntament, com a s\u00edmbol del suport de la ciutat al poble sahrau\u00ed.<\/p>\n\n\n\n<p>Durant juliol i agost, els xiquets de &#8216;Vacances en pau&#8217; reben revisions m\u00e8diques i gaudeixen d&#8217;un estiu alternatiu a les altes temperatures dels campaments de refugiats al desert afric\u00e0. Aquest programa tamb\u00e9&nbsp;dona&nbsp;visibilitat al conflicte sahrau\u00ed i reivindica una soluci\u00f3 pol\u00edtica perqu\u00e8 el poble sahrau\u00ed puga tornar al seu pa\u00eds ara ocupat.<\/p>\n","protected":false},"excerpt":{"rendered":"<p>L&#8217;Ajuntament dona suport al poble sahrau\u00ed amb actes culturals i la hissada de la bandera L&#8217;Ajuntament de la Vall d&#8217;Uix\u00f3 ha celebrat la recepci\u00f3 oficial dels set xiquets sahrau\u00eds del programa &#8216;Vacances en pau&#8217;, que enguany ha complit&nbsp;30&nbsp;anys gr\u00e0cies a l&#8217;associaci\u00f3 local Smara. L&#8217;acte va incloure l&#8217;actuaci\u00f3 del Grup de Saxos i alumnes de cant &#8230; <a title=\"La Vall d&#8217;Uix\u00f3 celebra la recepci\u00f3 dels xiquets sahrau\u00eds del programa &#8220;Vacances en pau&#8221;\" class=\"read-more\" href=\"https:\/\/elcafedepipa.com\/index.php\/2024\/07\/15\/la-vall-duixo-celebra-la-recepcio-dels-xiquets-sahrauis-del-programa-vacances-en-pau\/\" aria-label=\"M\u00e9s informaci\u00f3 sobre La Vall d&#8217;Uix\u00f3 celebra la recepci\u00f3 dels xiquets sahrau\u00eds del programa &#8220;Vacances en pau&#8221;\">Read more<\/a><\/p>\n","protected":false},"author":2,"featured_media":3053,"comment_status":"closed","ping_status":"closed","sticky":false,"template":"","format":"standard","meta":{"om_disable_all_campaigns":false,"_monsterinsights_skip_tracking":false,"_monsterinsights_sitenote_active":false,"_monsterinsights_sitenote_note":"","_monsterinsights_sitenote_category":0,"_uf_show_specific_survey":0,"_uf_disable_surveys":false,"footnotes":""},"categories":[2],"tags":[],"class_list":["post-3052","post","type-post","status-publish","format-standard","has-post-thumbnail","hentry","category-lavallduixo"],"_links":{"self":[{"href":"https:\/\/elcafedepipa.com\/index.php\/wp-json\/wp\/v2\/posts\/3052","targetHints":{"allow":["GET"]}}],"collection":[{"href":"https:\/\/elcafedepipa.com\/index.php\/wp-json\/wp\/v2\/posts"}],"about":[{"href":"https:\/\/elcafedepipa.com\/index.php\/wp-json\/wp\/v2\/types\/post"}],"author":[{"embeddable":true,"href":"https:\/\/elcafedepipa.com\/index.php\/wp-json\/wp\/v2\/users\/2"}],"replies":[{"embeddable":true,"href":"https:\/\/elcafedepipa.com\/index.php\/wp-json\/wp\/v2\/comments?post=3052"}],"version-history":[{"count":0,"href":"https:\/\/elcafedepipa.com\/index.php\/wp-json\/wp\/v2\/posts\/3052\/revisions"}],"wp:featuredmedia":[{"embeddable":true,"href":"https:\/\/elcafedepipa.com\/index.php\/wp-json\/wp\/v2\/media\/3053"}],"wp:attachment":[{"href":"https:\/\/elcafedepipa.com\/index.php\/wp-json\/wp\/v2\/media?parent=3052"}],"wp:term":[{"taxonomy":"category","embeddable":true,"href":"https:\/\/elcafedepipa.com\/index.php\/wp-json\/wp\/v2\/categories?post=3052"},{"taxonomy":"post_tag","embeddable":true,"href":"https:\/\/elcafedepipa.com\/index.php\/wp-json\/wp\/v2\/tags?post=3052"}],"curies":[{"name":"wp","href":"https:\/\/api.w.org\/{rel}","templated":true}]}}