{"id":3038,"date":"2024-07-14T10:00:00","date_gmt":"2024-07-14T08:00:00","guid":{"rendered":"https:\/\/elcafedepipa.com\/?p=3038"},"modified":"2024-07-12T16:02:59","modified_gmt":"2024-07-12T14:02:59","slug":"lajuntament-de-la-vall-duixo-denuncia-la-paralitzacio-de-projectes-del-pla-edificant-per-part-de-la-conselleria","status":"publish","type":"post","link":"https:\/\/elcafedepipa.com\/index.php\/2024\/07\/14\/lajuntament-de-la-vall-duixo-denuncia-la-paralitzacio-de-projectes-del-pla-edificant-per-part-de-la-conselleria\/","title":{"rendered":"L&#8217;Ajuntament de la Vall d\u2019Uix\u00f3 denuncia la paralitzaci\u00f3 de projectes del Pla Edificant per part de la Conselleria"},"content":{"rendered":"\n<p><strong>La reforma del CEIP Lleonard Mingarro acumula set mesos de retard i no es rep resposta a les millores en el CEIP Sant Vicent i l&#8217;IES Bot\u00e0nic Cavanilles<\/strong><\/p>\n\n\n\n<p>L&#8217;Ajuntament de la Vall d\u2019Uix\u00f3 ha informat sobre l&#8217;estat del Pla Edificant de millora de centres educatius \u201cper transpar\u00e8ncia amb la ciutadania\u201d i per \u201cdemanar a la Conselleria que deixe de paralitzar alguns projectes que s\u00f3n molt importants per a la nostra ciutat\u201d, tal com ha explicat la regidora d&#8217;Educaci\u00f3, Maria&nbsp;Cruces.<\/p>\n\n\n\n<p>En el cas del CEIP Rosario P\u00e9rez, les obres estan en marxa i segueixen els terminis previstos, per la qual cosa&nbsp;Cruces&nbsp;s&#8217;ha mostrat \u201corgullosa\u201d d\u2019\u201chaver at\u00e9s una reivindicaci\u00f3 hist\u00f2rica de la comunitat educativa i del barri&nbsp;Carbonaire\u201d. Fins al moment, l&#8217;Ajuntament ha signat cinc certificacions d&#8217;obres i la sisena est\u00e0 en tr\u00e0mit.<\/p>\n\n\n\n<p>El cas del CEIP Lleonard Mingarro acumula un retard de set mesos. Amb la delegaci\u00f3 de compet\u00e8ncies feta i el projecte definitiu aprovat,&nbsp;el desembre&nbsp;de 2023 es va sol\u00b7licitar a la Conselleria un augment del pressupost de 167.000 euros per complir amb la nova normativa de sostenibilitat. \u201cAl gener ens van contestar que s\u00ed, per\u00f2 com que no van tornar a tenir not\u00edcies a l&#8217;abril vam tornar a preguntar per la situaci\u00f3 i ens van dir que est\u00e0vem en llista d&#8217;espera perqu\u00e8 hi ha altres projectes m\u00e9s importants i urgents\u201d, ha denunciat la regidora, qui tamb\u00e9 ha demanat \u201cceleritat per a no retardar m\u00e9s les obres, que s\u00f3n necess\u00e0ries\u201d.<\/p>\n\n\n\n<p>El CEIP Sant Vicent tamb\u00e9 t\u00e9 el projecte definitiu presentat i ja est\u00e0 en la fase de revisi\u00f3 final despr\u00e9s d\u2019haver realitzat algunes esmenes. La previsi\u00f3 era que aquest estiu s&#8217;instal\u00b7laren les aules provisionals, per a la qual cosa l&#8217;Ajuntament havia de construir una rampa una vegada la Conselleria l\u2019autoritze. Aquesta autoritzaci\u00f3 es va demanar per via urgent a principis del mes de juny i encara no s&#8217;ha rebut cap resposta.<\/p>\n\n\n\n<p>Cruces&nbsp;ha assenyalat que amb el Govern del Bot\u00e0nic \u201caquest tipus de tr\u00e0mits es resolien en dues o tres setmanes\u201d per\u00f2 \u201cara el silenci administratiu de la Generalitat Valenciana est\u00e0 paralitzant projectes\u201d. El cas de l&#8217;IES Bot\u00e0nic Cavanilles \u00e9s \u201cgreu\u201d, ja que&nbsp;al maig&nbsp;de 2023 es van introduir en la plataforma del Pla Edificant dues propostes seguint el programa de necessitats. Fa un any i tres mesos i \u201cno hem rebut resposta, malgrat que ens vam reunir amb la Conselleria a Val\u00e8ncia i hem fet venir la directora territorial perqu\u00e8 vei\u00e9s in situ l&#8217;estat de l&#8217;institut\u201d.<\/p>\n\n\n\n<p>El projecte de reforma del CEIP Assumpci\u00f3 est\u00e0 en proc\u00e9s de revisi\u00f3, que ja \u00e9s el pas previ a l&#8217;inici de la licitaci\u00f3 de les obres. I finalment, dins de la planificaci\u00f3 municipal del Pla Edificant, estava pendent incloure el CEIP Blasco Ib\u00e1\u00f1ez.&nbsp;Cruces&nbsp;ha destacat que l&#8217;Ajuntament \u201cest\u00e0 fent una gran aposta per la Col\u00f2nia Sant Antoni, amb un projecte de regeneraci\u00f3 urbana molt important per atreure nous ve\u00efns i el col\u00b7legi \u00e9s un servei b\u00e0sic\u201d.<\/p>\n\n\n\n<p>Aix\u00ed, es&nbsp;va a sol\u00b7licitar&nbsp;la reforma del Blasco Ib\u00e1\u00f1ez, que t\u00e9 molts anys \u201ci ho necessita, especialment pel que fa a accessibilitat, renovaci\u00f3 dels banys i ampliaci\u00f3 del menjador i l\u2019aulari d&#8217;infantil\u201d. Des de la Regidoria d&#8217;Educaci\u00f3 s&#8217;ha enviat a la Conselleria un correu electr\u00f2nic \u201cper avisar que&nbsp;anem a iniciar&nbsp;els tr\u00e0mits per sol\u00b7licitar el programa de necessitats i demanar la delegaci\u00f3 de compet\u00e8ncies\u201d amb l&#8217;objectiu que \u201cens contesten&nbsp;al m\u00e9s aviat possible\u201d.<\/p>\n\n\n\n<p>Millores Municipals<br>Fora del Pla Edificant, l&#8217;Ajuntament de la Vall d\u2019Uix\u00f3 tamb\u00e9 est\u00e0 duent a terme actuacions de millora i manteniment dels col\u00b7legis amb recursos municipals. A la substituci\u00f3 de tanques destina 36.000 euros, a la instal\u00b7laci\u00f3 de proteccions en cistelles i elements de joc 5.000 euros, i altres 5.800 euros a l&#8217;arranjament de les portes i lavabos vandalitzats en el gimn\u00e0s del CEIP La Moleta.<\/p>\n\n\n\n<p>A m\u00e9s, t\u00e9 prevista una inversi\u00f3 de 5.000 euros per reparar unes esquerdes i forats en la fa\u00e7ana i passad\u00eds del CEIP Cervantes, per a la qual cosa est\u00e0 a l&#8217;espera d&#8217;un informe de la Conselleria que es va sol\u00b7licitar al mes de mar\u00e7 i tampoc s&#8217;ha rebut resposta. La regidora ha demanat \u201crapidesa perqu\u00e8 les obres s&#8217;han de fer durant l&#8217;estiu\u201d.<\/p>\n\n\n\n<p>Per acabar, ha defensat que \u201cinvertir en educaci\u00f3 \u00e9s invertir en present i en futur\u201d. Per aix\u00f2, \u201ccontinuem destinant recursos propis per tenir els centres educatius en les millors condicions, perqu\u00e8 en el govern de la Vall creiem en l&#8217;educaci\u00f3 p\u00fablica i en donar les mateixes oportunitats a tots els xiquets i xiquetes\u201d.<\/p>\n","protected":false},"excerpt":{"rendered":"<p>La reforma del CEIP Lleonard Mingarro acumula set mesos de retard i no es rep resposta a les millores en el CEIP Sant Vicent i l&#8217;IES Bot\u00e0nic Cavanilles L&#8217;Ajuntament de la Vall d\u2019Uix\u00f3 ha informat sobre l&#8217;estat del Pla Edificant de millora de centres educatius \u201cper transpar\u00e8ncia amb la ciutadania\u201d i per \u201cdemanar a la &#8230; <a title=\"L&#8217;Ajuntament de la Vall d\u2019Uix\u00f3 denuncia la paralitzaci\u00f3 de projectes del Pla Edificant per part de la Conselleria\" class=\"read-more\" href=\"https:\/\/elcafedepipa.com\/index.php\/2024\/07\/14\/lajuntament-de-la-vall-duixo-denuncia-la-paralitzacio-de-projectes-del-pla-edificant-per-part-de-la-conselleria\/\" aria-label=\"M\u00e9s informaci\u00f3 sobre L&#8217;Ajuntament de la Vall d\u2019Uix\u00f3 denuncia la paralitzaci\u00f3 de projectes del Pla Edificant per part de la Conselleria\">Read more<\/a><\/p>\n","protected":false},"author":2,"featured_media":3039,"comment_status":"closed","ping_status":"closed","sticky":false,"template":"","format":"standard","meta":{"om_disable_all_campaigns":false,"_monsterinsights_skip_tracking":false,"_monsterinsights_sitenote_active":false,"_monsterinsights_sitenote_note":"","_monsterinsights_sitenote_category":0,"_uf_show_specific_survey":0,"_uf_disable_surveys":false,"footnotes":""},"categories":[2],"tags":[],"class_list":["post-3038","post","type-post","status-publish","format-standard","has-post-thumbnail","hentry","category-lavallduixo"],"_links":{"self":[{"href":"https:\/\/elcafedepipa.com\/index.php\/wp-json\/wp\/v2\/posts\/3038","targetHints":{"allow":["GET"]}}],"collection":[{"href":"https:\/\/elcafedepipa.com\/index.php\/wp-json\/wp\/v2\/posts"}],"about":[{"href":"https:\/\/elcafedepipa.com\/index.php\/wp-json\/wp\/v2\/types\/post"}],"author":[{"embeddable":true,"href":"https:\/\/elcafedepipa.com\/index.php\/wp-json\/wp\/v2\/users\/2"}],"replies":[{"embeddable":true,"href":"https:\/\/elcafedepipa.com\/index.php\/wp-json\/wp\/v2\/comments?post=3038"}],"version-history":[{"count":0,"href":"https:\/\/elcafedepipa.com\/index.php\/wp-json\/wp\/v2\/posts\/3038\/revisions"}],"wp:featuredmedia":[{"embeddable":true,"href":"https:\/\/elcafedepipa.com\/index.php\/wp-json\/wp\/v2\/media\/3039"}],"wp:attachment":[{"href":"https:\/\/elcafedepipa.com\/index.php\/wp-json\/wp\/v2\/media?parent=3038"}],"wp:term":[{"taxonomy":"category","embeddable":true,"href":"https:\/\/elcafedepipa.com\/index.php\/wp-json\/wp\/v2\/categories?post=3038"},{"taxonomy":"post_tag","embeddable":true,"href":"https:\/\/elcafedepipa.com\/index.php\/wp-json\/wp\/v2\/tags?post=3038"}],"curies":[{"name":"wp","href":"https:\/\/api.w.org\/{rel}","templated":true}]}}