{"id":3004,"date":"2024-07-12T12:59:51","date_gmt":"2024-07-12T10:59:51","guid":{"rendered":"https:\/\/elcafedepipa.com\/?p=3004"},"modified":"2024-07-12T12:59:53","modified_gmt":"2024-07-12T10:59:53","slug":"nou-conveni-per-a-reforcar-la-comunicacio-local-a-la-comunitat-valenciana","status":"publish","type":"post","link":"https:\/\/elcafedepipa.com\/index.php\/2024\/07\/12\/nou-conveni-per-a-reforcar-la-comunicacio-local-a-la-comunitat-valenciana\/","title":{"rendered":"Nou conveni per a refor\u00e7ar la comunicaci\u00f3 local a la Comunitat Valenciana"},"content":{"rendered":"\n<p style=\"font-size:24px\"><strong>La FVMP i la Generalitat Valenciana signen un acord per a enfortir els mitjans locals com a garants de transpar\u00e8ncia i cohesi\u00f3 municipal<\/strong><\/p>\n\n\n\n<p>La comunicaci\u00f3 local a la Comunitat Valenciana es veur\u00e0 refor\u00e7ada gr\u00e0cies a un nou conveni entre la Federaci\u00f3 Valenciana de Municipis i Prov\u00edncies (FVMP) i la Generalitat Valenciana. Aquest acord busca enfortir el paper dels mitjans locals en la transpar\u00e8ncia, la identitat i la cohesi\u00f3 de cada municipi.<\/p>\n\n\n\n<p>Miguel&nbsp;Bailach&nbsp;Luengo, secretari general de la&nbsp;FVMP, ha destacat que &#8220;apostem per la comunicaci\u00f3 local com a mitj\u00e0 de transmissi\u00f3 de la identitat, cultura i realitat socioecon\u00f2mica dels nostres pobles, facilitant la interacci\u00f3 dels mitjans locals amb els tradicionals i les xarxes socials.&#8221; Segons&nbsp;Bailach, &#8220;les emissores locals s\u00f3n essencials per a proporcionar informaci\u00f3 de proximitat, com un servei p\u00fablic que ens informa sobre els aspectes que ens interessen di\u00e0riament.&#8221;<\/p>\n\n\n\n<p>El conveni, signat per Francisco Daniel Gonz\u00e1lez, director general de Comunicaci\u00f3 i Promoci\u00f3 Institucional, i&nbsp;Miguel&nbsp;Bailach&nbsp;Luengo,&nbsp;estableix&nbsp;un marc de col\u00b7laboraci\u00f3 que inclou el&nbsp;finan\u00e7ament&nbsp;d&#8217;esdeveniments clau com el Dia Mundial de la R\u00e0dio, el IV Encontre de Comunicaci\u00f3 de Proximitat i programes especials en emissores municipals. Aquestes iniciatives no sols promouen la participaci\u00f3 ciutadana, sin\u00f3 que tamb\u00e9 reforcen el paper dels mitjans locals en la construcci\u00f3 de comunitats m\u00e9s fortes i connectades.<\/p>\n\n\n\n<p>L&#8217;acord reconeix i refor\u00e7a el paper de la comunicaci\u00f3 local com a servei p\u00fablic fonamental, eina de transpar\u00e8ncia i reflex de la identitat local. La&nbsp;FVMP&nbsp;i la Generalitat Valenciana estan compromeses en garantir que les veus dels municipis es senten i es valoren, promovent una major cohesi\u00f3 social i participaci\u00f3 ciutadana.<\/p>\n\n\n\n<p>A m\u00e9s, el conveni posa en marxa noves estrat\u00e8gies per a integrar les emissores locals amb mitjans tradicionals i plataformes digitals, assegurant una difusi\u00f3 \u00e0mplia i efectiva de la informaci\u00f3 que afecta cada comunitat. El&nbsp;finan\u00e7ament&nbsp;d&#8217;esdeveniments permetr\u00e0 un intercanvi d&#8217;idees i millors pr\u00e0ctiques entre els professionals del sector, fomentant la innovaci\u00f3 i la millora cont\u00ednua en la comunicaci\u00f3 local.<\/p>\n\n\n\n<p>La col\u00b7laboraci\u00f3 entre la&nbsp;FVMP&nbsp;i la Generalitat Valenciana \u00e9s un pas ferm cap a una comunicaci\u00f3 local m\u00e9s forta, diversa i accessible per a tots. Aquesta alian\u00e7a estrat\u00e8gica subratlla el comprom\u00eds amb el desenvolupament de comunitats informades, participatives i cohesionades, on cada ciutad\u00e0 tinga acc\u00e9s a informaci\u00f3 rellevant i de qualitat.<\/p>\n","protected":false},"excerpt":{"rendered":"<p>La FVMP i la Generalitat Valenciana signen un acord per a enfortir els mitjans locals com a garants de transpar\u00e8ncia i cohesi\u00f3 municipal La comunicaci\u00f3 local a la Comunitat Valenciana es veur\u00e0 refor\u00e7ada gr\u00e0cies a un nou conveni entre la Federaci\u00f3 Valenciana de Municipis i Prov\u00edncies (FVMP) i la Generalitat Valenciana. Aquest acord busca enfortir &#8230; <a title=\"Nou conveni per a refor\u00e7ar la comunicaci\u00f3 local a la Comunitat Valenciana\" class=\"read-more\" href=\"https:\/\/elcafedepipa.com\/index.php\/2024\/07\/12\/nou-conveni-per-a-reforcar-la-comunicacio-local-a-la-comunitat-valenciana\/\" aria-label=\"M\u00e9s informaci\u00f3 sobre Nou conveni per a refor\u00e7ar la comunicaci\u00f3 local a la Comunitat Valenciana\">Read more<\/a><\/p>\n","protected":false},"author":2,"featured_media":3005,"comment_status":"closed","ping_status":"closed","sticky":false,"template":"","format":"standard","meta":{"om_disable_all_campaigns":false,"_monsterinsights_skip_tracking":false,"_monsterinsights_sitenote_active":false,"_monsterinsights_sitenote_note":"","_monsterinsights_sitenote_category":0,"_uf_show_specific_survey":0,"_uf_disable_surveys":false,"footnotes":""},"categories":[11],"tags":[],"class_list":["post-3004","post","type-post","status-publish","format-standard","has-post-thumbnail","hentry","category-comunitatvalenciana"],"_links":{"self":[{"href":"https:\/\/elcafedepipa.com\/index.php\/wp-json\/wp\/v2\/posts\/3004","targetHints":{"allow":["GET"]}}],"collection":[{"href":"https:\/\/elcafedepipa.com\/index.php\/wp-json\/wp\/v2\/posts"}],"about":[{"href":"https:\/\/elcafedepipa.com\/index.php\/wp-json\/wp\/v2\/types\/post"}],"author":[{"embeddable":true,"href":"https:\/\/elcafedepipa.com\/index.php\/wp-json\/wp\/v2\/users\/2"}],"replies":[{"embeddable":true,"href":"https:\/\/elcafedepipa.com\/index.php\/wp-json\/wp\/v2\/comments?post=3004"}],"version-history":[{"count":0,"href":"https:\/\/elcafedepipa.com\/index.php\/wp-json\/wp\/v2\/posts\/3004\/revisions"}],"wp:featuredmedia":[{"embeddable":true,"href":"https:\/\/elcafedepipa.com\/index.php\/wp-json\/wp\/v2\/media\/3005"}],"wp:attachment":[{"href":"https:\/\/elcafedepipa.com\/index.php\/wp-json\/wp\/v2\/media?parent=3004"}],"wp:term":[{"taxonomy":"category","embeddable":true,"href":"https:\/\/elcafedepipa.com\/index.php\/wp-json\/wp\/v2\/categories?post=3004"},{"taxonomy":"post_tag","embeddable":true,"href":"https:\/\/elcafedepipa.com\/index.php\/wp-json\/wp\/v2\/tags?post=3004"}],"curies":[{"name":"wp","href":"https:\/\/api.w.org\/{rel}","templated":true}]}}