{"id":2971,"date":"2024-07-11T15:53:01","date_gmt":"2024-07-11T13:53:01","guid":{"rendered":"https:\/\/elcafedepipa.com\/?p=2971"},"modified":"2024-07-11T15:53:02","modified_gmt":"2024-07-11T13:53:02","slug":"nules-celebra-el-primer-tall-de-melo-i-tast-dhortalisses-de-la-marjal","status":"publish","type":"post","link":"https:\/\/elcafedepipa.com\/index.php\/2024\/07\/11\/nules-celebra-el-primer-tall-de-melo-i-tast-dhortalisses-de-la-marjal\/","title":{"rendered":"Nules celebra el primer tall de mel\u00f3 i tast d\u2019hortalisses de la marjal"},"content":{"rendered":"\n<p>Nules ha celebrat hui, per primera vegada, el seu primer tall de mel\u00f3 i tast d\u2019hortalisses de la marjal, una iniciativa destinada a&nbsp;posar en valor&nbsp;i promocionar els productes de la seua marjal.<\/p>\n\n\n\n<p>En aquest acte, una representaci\u00f3 de la Corporaci\u00f3 Municipal, encap\u00e7alada per l\u2019alcalde, David&nbsp;Garc\u00eda, el regidor de Tradicions,&nbsp;Ram\u00f3n&nbsp;Mart\u00ednez, i el regidor d\u2019Agricultura,&nbsp;C\u00e9sar&nbsp;Esta\u00f1ol, ha donat suport p\u00fablicament als productors que es dediquen a cultivar tant melons com hortalisses en aquesta zona humida del terme municipal de Nules.<\/p>\n\n\n\n<p>A m\u00e9s, aquest esdeveniment ha servit per a donar suport a l\u2019Associaci\u00f3 El Valor de la Marjal, encarregada de protagonitzar l&#8217;acte. La presidenta de l\u2019associaci\u00f3, Cristina Celades, qui tamb\u00e9 representa la marca d\u2019hortalisses de la marjal \u201cLa&nbsp;Tosquilla\u201d, i Jos\u00e9 Oliver, productor de melons \u201cEl&nbsp;Panollo\u201d, han estat presents.<\/p>\n\n\n\n<p>Des de l\u2019associaci\u00f3 han destacat les caracter\u00edstiques peculiars i gastron\u00f2miques excepcionals dels productes de la marjal de Nules, que compten, a m\u00e9s, amb una gran demanda.<\/p>\n","protected":false},"excerpt":{"rendered":"<p>Nules ha celebrat hui, per primera vegada, el seu primer tall de mel\u00f3 i tast d\u2019hortalisses de la marjal, una iniciativa destinada a&nbsp;posar en valor&nbsp;i promocionar els productes de la seua marjal. En aquest acte, una representaci\u00f3 de la Corporaci\u00f3 Municipal, encap\u00e7alada per l\u2019alcalde, David&nbsp;Garc\u00eda, el regidor de Tradicions,&nbsp;Ram\u00f3n&nbsp;Mart\u00ednez, i el regidor d\u2019Agricultura,&nbsp;C\u00e9sar&nbsp;Esta\u00f1ol, ha donat &#8230; <a title=\"Nules celebra el primer tall de mel\u00f3 i tast d\u2019hortalisses de la marjal\" class=\"read-more\" href=\"https:\/\/elcafedepipa.com\/index.php\/2024\/07\/11\/nules-celebra-el-primer-tall-de-melo-i-tast-dhortalisses-de-la-marjal\/\" aria-label=\"M\u00e9s informaci\u00f3 sobre Nules celebra el primer tall de mel\u00f3 i tast d\u2019hortalisses de la marjal\">Read more<\/a><\/p>\n","protected":false},"author":2,"featured_media":2972,"comment_status":"closed","ping_status":"closed","sticky":false,"template":"","format":"standard","meta":{"om_disable_all_campaigns":false,"_monsterinsights_skip_tracking":false,"_monsterinsights_sitenote_active":false,"_monsterinsights_sitenote_note":"","_monsterinsights_sitenote_category":0,"_uf_show_specific_survey":0,"_uf_disable_surveys":false,"footnotes":""},"categories":[3],"tags":[],"class_list":["post-2971","post","type-post","status-publish","format-standard","has-post-thumbnail","hentry","category-nules"],"_links":{"self":[{"href":"https:\/\/elcafedepipa.com\/index.php\/wp-json\/wp\/v2\/posts\/2971","targetHints":{"allow":["GET"]}}],"collection":[{"href":"https:\/\/elcafedepipa.com\/index.php\/wp-json\/wp\/v2\/posts"}],"about":[{"href":"https:\/\/elcafedepipa.com\/index.php\/wp-json\/wp\/v2\/types\/post"}],"author":[{"embeddable":true,"href":"https:\/\/elcafedepipa.com\/index.php\/wp-json\/wp\/v2\/users\/2"}],"replies":[{"embeddable":true,"href":"https:\/\/elcafedepipa.com\/index.php\/wp-json\/wp\/v2\/comments?post=2971"}],"version-history":[{"count":0,"href":"https:\/\/elcafedepipa.com\/index.php\/wp-json\/wp\/v2\/posts\/2971\/revisions"}],"wp:featuredmedia":[{"embeddable":true,"href":"https:\/\/elcafedepipa.com\/index.php\/wp-json\/wp\/v2\/media\/2972"}],"wp:attachment":[{"href":"https:\/\/elcafedepipa.com\/index.php\/wp-json\/wp\/v2\/media?parent=2971"}],"wp:term":[{"taxonomy":"category","embeddable":true,"href":"https:\/\/elcafedepipa.com\/index.php\/wp-json\/wp\/v2\/categories?post=2971"},{"taxonomy":"post_tag","embeddable":true,"href":"https:\/\/elcafedepipa.com\/index.php\/wp-json\/wp\/v2\/tags?post=2971"}],"curies":[{"name":"wp","href":"https:\/\/api.w.org\/{rel}","templated":true}]}}