{"id":2961,"date":"2024-07-11T13:50:26","date_gmt":"2024-07-11T11:50:26","guid":{"rendered":"https:\/\/elcafedepipa.com\/?p=2961"},"modified":"2024-07-11T13:50:28","modified_gmt":"2024-07-11T11:50:28","slug":"el-pp-de-nules-planteja-una-serie-dinversions-necessaries-per-a-destinar-els-623-782-euros-del-pla-impulsa-i-del-fons-de-cooperacio","status":"publish","type":"post","link":"https:\/\/elcafedepipa.com\/index.php\/2024\/07\/11\/el-pp-de-nules-planteja-una-serie-dinversions-necessaries-per-a-destinar-els-623-782-euros-del-pla-impulsa-i-del-fons-de-cooperacio\/","title":{"rendered":"El PP de Nules planteja una s\u00e8rie d&#8217;inversions necess\u00e0ries per a destinar els 623.782 euros del Pla Impulsa i del Fons de Cooperaci\u00f3"},"content":{"rendered":"\n<p style=\"font-size:24px\"><strong>Jos\u00e9\u00a0Adsuara\u00a0agra\u00efx\u00a0el comprom\u00eds de Marta\u00a0Barrachina\u00a0i Carlos Maz\u00f3n amb el municipalisme<\/strong><\/p>\n\n\n\n<p>El Partit Popular de Nules ha lloat el Pla Impulsa i el Fons de Cooperaci\u00f3 de la Diputaci\u00f3 de Castell\u00f3 i la Generalitat Valenciana, liderats per Marta&nbsp;Barrachina&nbsp;i Carlos Maz\u00f3n. El president del PP a Nules i portaveu del Grup Municipal, Jos\u00e9&nbsp;Adsuara, ha celebrat els 623.782 euros que rebr\u00e0 l&#8217;Ajuntament gr\u00e0cies a aquest comprom\u00eds.<\/p>\n\n\n\n<p>&#8220;Mai&nbsp;l&#8217;Ajuntament de Nules havia rebut tanta ajuda per part de la Generalitat Valenciana i Diputaci\u00f3. Marta&nbsp;Barrachina&nbsp;i Carlos Maz\u00f3n han demostrat que s\u00f3n presidents que governen per a tots els castellonencs per igual i que aposten pel municipalisme&#8221;, ha destacat&nbsp;Adsuara.<\/p>\n\n\n\n<p>Acompanyat per&nbsp;H\u00e9ctor&nbsp;Folgado, vicesecretari General d&#8217;Organitzaci\u00f3 del&nbsp;PPCS, vicesecretari d&#8217;Innovaci\u00f3 i Comunicaci\u00f3 del&nbsp;PPCV&nbsp;i vicepresident de la Diputaci\u00f3 de Castell\u00f3,&nbsp;Adsuara&nbsp;ha ressaltat la &#8220;inversi\u00f3 hist\u00f2rica&#8221; i ha proposat diverses accions per als fons del Pla Impulsa (256.380 euros) i del Fons de Cooperaci\u00f3 (397.402,86 euros) per a cobrir les necessitats del municipi i millorar espais p\u00fablics deteriorats.<\/p>\n\n\n\n<p>Entre les propostes,&nbsp;Adsuara&nbsp;ha insistit en la renovaci\u00f3 de la gespa del camp de futbol municipal, que es troba en un estat &#8220;p\u00e8ssim&#8221; i augmenta el perill de lesions dels usuaris. Tamb\u00e9 ha proposat millorar els vestuaris de la piscina municipal, dur a terme un pla de remodelaci\u00f3 de parcs infantils i millorar les telecomunicacions a Mascarell, on els ve\u00efns encara pateixen problemes de cobertura.<\/p>\n\n\n\n<p>El PP de Nules tamb\u00e9 ha proposat augmentar la seguretat rural per a protegir els camps dels robatoris, destacant l&#8217;esfor\u00e7 dels agricultors que sovint es veu perjudicat per la manca de seguretat. Finalment, han subratllat la necessitat de millorar el sistema de desaiguat amb un segon motor a La Gola per evitar inundacions durant episodis de pluja.<\/p>\n\n\n\n<p>Adsuara\u00a0ha ofert la col\u00b7laboraci\u00f3 del PP a l&#8217;equip de Govern municipal: &#8220;Tot per a aconseguir el futur que la nostra terra mereix amb la garantia de la m\u00e0xima seguretat&#8221;.<\/p>\n","protected":false},"excerpt":{"rendered":"<p>Jos\u00e9\u00a0Adsuara\u00a0agra\u00efx\u00a0el comprom\u00eds de Marta\u00a0Barrachina\u00a0i Carlos Maz\u00f3n amb el municipalisme El Partit Popular de Nules ha lloat el Pla Impulsa i el Fons de Cooperaci\u00f3 de la Diputaci\u00f3 de Castell\u00f3 i la Generalitat Valenciana, liderats per Marta&nbsp;Barrachina&nbsp;i Carlos Maz\u00f3n. El president del PP a Nules i portaveu del Grup Municipal, Jos\u00e9&nbsp;Adsuara, ha celebrat els 623.782 euros &#8230; <a title=\"El PP de Nules planteja una s\u00e8rie d&#8217;inversions necess\u00e0ries per a destinar els 623.782 euros del Pla Impulsa i del Fons de Cooperaci\u00f3\" class=\"read-more\" href=\"https:\/\/elcafedepipa.com\/index.php\/2024\/07\/11\/el-pp-de-nules-planteja-una-serie-dinversions-necessaries-per-a-destinar-els-623-782-euros-del-pla-impulsa-i-del-fons-de-cooperacio\/\" aria-label=\"M\u00e9s informaci\u00f3 sobre El PP de Nules planteja una s\u00e8rie d&#8217;inversions necess\u00e0ries per a destinar els 623.782 euros del Pla Impulsa i del Fons de Cooperaci\u00f3\">Read more<\/a><\/p>\n","protected":false},"author":2,"featured_media":2962,"comment_status":"closed","ping_status":"closed","sticky":false,"template":"","format":"standard","meta":{"om_disable_all_campaigns":false,"_monsterinsights_skip_tracking":false,"_monsterinsights_sitenote_active":false,"_monsterinsights_sitenote_note":"","_monsterinsights_sitenote_category":0,"_uf_show_specific_survey":0,"_uf_disable_surveys":false,"footnotes":""},"categories":[3],"tags":[],"class_list":["post-2961","post","type-post","status-publish","format-standard","has-post-thumbnail","hentry","category-nules"],"_links":{"self":[{"href":"https:\/\/elcafedepipa.com\/index.php\/wp-json\/wp\/v2\/posts\/2961","targetHints":{"allow":["GET"]}}],"collection":[{"href":"https:\/\/elcafedepipa.com\/index.php\/wp-json\/wp\/v2\/posts"}],"about":[{"href":"https:\/\/elcafedepipa.com\/index.php\/wp-json\/wp\/v2\/types\/post"}],"author":[{"embeddable":true,"href":"https:\/\/elcafedepipa.com\/index.php\/wp-json\/wp\/v2\/users\/2"}],"replies":[{"embeddable":true,"href":"https:\/\/elcafedepipa.com\/index.php\/wp-json\/wp\/v2\/comments?post=2961"}],"version-history":[{"count":0,"href":"https:\/\/elcafedepipa.com\/index.php\/wp-json\/wp\/v2\/posts\/2961\/revisions"}],"wp:featuredmedia":[{"embeddable":true,"href":"https:\/\/elcafedepipa.com\/index.php\/wp-json\/wp\/v2\/media\/2962"}],"wp:attachment":[{"href":"https:\/\/elcafedepipa.com\/index.php\/wp-json\/wp\/v2\/media?parent=2961"}],"wp:term":[{"taxonomy":"category","embeddable":true,"href":"https:\/\/elcafedepipa.com\/index.php\/wp-json\/wp\/v2\/categories?post=2961"},{"taxonomy":"post_tag","embeddable":true,"href":"https:\/\/elcafedepipa.com\/index.php\/wp-json\/wp\/v2\/tags?post=2961"}],"curies":[{"name":"wp","href":"https:\/\/api.w.org\/{rel}","templated":true}]}}