{"id":2949,"date":"2024-07-11T13:26:08","date_gmt":"2024-07-11T11:26:08","guid":{"rendered":"https:\/\/elcafedepipa.com\/?p=2949"},"modified":"2024-07-11T13:26:10","modified_gmt":"2024-07-11T11:26:10","slug":"podcast-repas-setmanal-dactualitat-baix-loptica-de-lequip-de-govern-amb-fernando-daros-2","status":"publish","type":"post","link":"https:\/\/elcafedepipa.com\/index.php\/2024\/07\/11\/podcast-repas-setmanal-dactualitat-baix-loptica-de-lequip-de-govern-amb-fernando-daros-2\/","title":{"rendered":"Podcast | Rep\u00e0s setmanal d&#8217;actualitat baix l&#8217;\u00f2ptica de l&#8217;equip de govern amb Fernando Dar\u00f2s"},"content":{"rendered":"\n<p><strong>\u00c0UDIO |<\/strong> En aquest dijous hem repassat l&#8217;actualitat m\u00e9s destacada de la setmana amb el primer tinent d&#8217;alcaldessa i regidor Fernando Dar\u00f2s. Ens fa una valoraci\u00f3 de la primera jornada oberta del Centre de Transformaci\u00f3 Digital, que es va celebrar ahir. Tamb\u00e9 coneixem alguns detalls dels dos milions i mig d&#8217;euros que rebr\u00e0 l&#8217;ajuntament per al poblat, entre altres.<\/p>\n\n\n\n<figure class=\"wp-block-audio\"><audio controls src=\"https:\/\/elcafedepipa.com\/wp-content\/uploads\/2024\/07\/fernando11jul.mp3\"><\/audio><\/figure>\n","protected":false},"excerpt":{"rendered":"<p>\u00c0UDIO | En aquest dijous hem repassat l&#8217;actualitat m\u00e9s destacada de la setmana amb el primer tinent d&#8217;alcaldessa i regidor Fernando Dar\u00f2s. Ens fa una valoraci\u00f3 de la primera jornada oberta del Centre de Transformaci\u00f3 Digital, que es va celebrar ahir. Tamb\u00e9 coneixem alguns detalls dels dos milions i mig d&#8217;euros que rebr\u00e0 l&#8217;ajuntament per &#8230; <a title=\"Podcast | Rep\u00e0s setmanal d&#8217;actualitat baix l&#8217;\u00f2ptica de l&#8217;equip de govern amb Fernando Dar\u00f2s\" class=\"read-more\" href=\"https:\/\/elcafedepipa.com\/index.php\/2024\/07\/11\/podcast-repas-setmanal-dactualitat-baix-loptica-de-lequip-de-govern-amb-fernando-daros-2\/\" aria-label=\"M\u00e9s informaci\u00f3 sobre Podcast | Rep\u00e0s setmanal d&#8217;actualitat baix l&#8217;\u00f2ptica de l&#8217;equip de govern amb Fernando Dar\u00f2s\">Read more<\/a><\/p>\n","protected":false},"author":2,"featured_media":2951,"comment_status":"closed","ping_status":"closed","sticky":false,"template":"","format":"standard","meta":{"om_disable_all_campaigns":false,"_monsterinsights_skip_tracking":false,"_monsterinsights_sitenote_active":false,"_monsterinsights_sitenote_note":"","_monsterinsights_sitenote_category":0,"_uf_show_specific_survey":0,"_uf_disable_surveys":false,"footnotes":""},"categories":[2],"tags":[],"class_list":["post-2949","post","type-post","status-publish","format-standard","has-post-thumbnail","hentry","category-lavallduixo"],"_links":{"self":[{"href":"https:\/\/elcafedepipa.com\/index.php\/wp-json\/wp\/v2\/posts\/2949","targetHints":{"allow":["GET"]}}],"collection":[{"href":"https:\/\/elcafedepipa.com\/index.php\/wp-json\/wp\/v2\/posts"}],"about":[{"href":"https:\/\/elcafedepipa.com\/index.php\/wp-json\/wp\/v2\/types\/post"}],"author":[{"embeddable":true,"href":"https:\/\/elcafedepipa.com\/index.php\/wp-json\/wp\/v2\/users\/2"}],"replies":[{"embeddable":true,"href":"https:\/\/elcafedepipa.com\/index.php\/wp-json\/wp\/v2\/comments?post=2949"}],"version-history":[{"count":0,"href":"https:\/\/elcafedepipa.com\/index.php\/wp-json\/wp\/v2\/posts\/2949\/revisions"}],"wp:featuredmedia":[{"embeddable":true,"href":"https:\/\/elcafedepipa.com\/index.php\/wp-json\/wp\/v2\/media\/2951"}],"wp:attachment":[{"href":"https:\/\/elcafedepipa.com\/index.php\/wp-json\/wp\/v2\/media?parent=2949"}],"wp:term":[{"taxonomy":"category","embeddable":true,"href":"https:\/\/elcafedepipa.com\/index.php\/wp-json\/wp\/v2\/categories?post=2949"},{"taxonomy":"post_tag","embeddable":true,"href":"https:\/\/elcafedepipa.com\/index.php\/wp-json\/wp\/v2\/tags?post=2949"}],"curies":[{"name":"wp","href":"https:\/\/api.w.org\/{rel}","templated":true}]}}