{"id":2899,"date":"2024-07-10T16:35:00","date_gmt":"2024-07-10T14:35:00","guid":{"rendered":"https:\/\/elcafedepipa.com\/?p=2899"},"modified":"2024-07-10T14:36:55","modified_gmt":"2024-07-10T12:36:55","slug":"la-diputacio-de-castello-dona-suport-a-la-xxiv-cita-amb-la-dansa-fib-de-benicassim","status":"publish","type":"post","link":"https:\/\/elcafedepipa.com\/index.php\/2024\/07\/10\/la-diputacio-de-castello-dona-suport-a-la-xxiv-cita-amb-la-dansa-fib-de-benicassim\/","title":{"rendered":"La Diputaci\u00f3 de Castell\u00f3 dona suport a la XXIV Cita amb la Dansa FIB de Benic\u00e0ssim"},"content":{"rendered":"\n<p><strong>Del 3 al 17 de juliol, l&#8217;IES Violant de Casalduch acull la 16a edici\u00f3 del Taller d&#8217;obres mestres del segle XX. El diputat de Cultura de la instituci\u00f3 provincial, Alejandro Clausell, convida \u201cal p\u00fablic a ser part d&#8217;esta experi\u00e8ncia \u00fanica, emmarcada per la mar i les estreles\u201d<\/strong><\/p>\n\n\n\n<p>La Diputaci\u00f3 Provincial de Castell\u00f3 ha mostrat el seu suport a la XXIV Cita amb la Dansa\u00a0FIB\u00a0de Benic\u00e0ssim. El diputat de Cultura de la instituci\u00f3 provincial,\u00a0Alejandro\u00a0Clausell, ha participat en la presentaci\u00f3 de l&#8217;edici\u00f3 actual que ha tingut lloc a l&#8217;IES Violant de\u00a0Casalduch\u00a0de Benic\u00e0ssim. El diputat provincial ha destacat aquest certamen musical que \u201ctornar\u00e0 a il\u00b7luminar, amb el seu programa de tallers i actuacions, l&#8217;avantsala al Festival Internacional de M\u00fasica,\u00a0FIB\u201d. \u201cDes de la Diputaci\u00f3 de Castell\u00f3 col\u00b7laborem un any m\u00e9s amb l&#8217;organitzaci\u00f3 d&#8217;aquest esdeveniment emblem\u00e0tic, perqu\u00e8 es celebre el festival, es promocione la nostra cultura i es done a con\u00e9ixer el talent dels professionals i dels joves valors que participen en aquest esdeveniment\u201d, ha manifestat\u00a0Clausell.<\/p>\n\n\n\n<p>Aix\u00ed doncs, del 3 al 17 de juliol, l&#8217;IES Violant de&nbsp;Casalduch&nbsp;de Benic\u00e0ssim acull la 16a edici\u00f3 del Taller d&#8217;obres mestres del segle XX. En aquests tallers de dansa, liderats per destacats professionals del m\u00f3n de la dansa, \u201cels joves ballarins de diferents llocs del territori nacional s&#8217;embarquen en un viatge d&#8217;aprenentatge i descobriment\u201d, ha destacat el diputat.<\/p>\n\n\n\n<p>\u201cEls prestigiosos mestres compartixen els seus coneixements i el seu estil coreogr\u00e0fic amb els joves, garantint-los una experi\u00e8ncia educativa excepcional\u201d, ha explicat&nbsp;Alejandro&nbsp;Clausell, qui ha convidat el p\u00fablic \u201ca ser part d&#8217;aquesta experi\u00e8ncia \u00fanica, emmarcada per la mar i les estreles. Una oportunitat de submergir-se en aquesta trobada que celebra la dansa i enriquix el nostre panorama cultural\u201d.<\/p>\n\n\n\n<p>Cal destacar que el 17 de juliol, a les 23.00 hores, l&#8217;Amfiteatre&nbsp;Pepe&nbsp;Falomir acollir\u00e0 la gala final de la Cita amb la Dansa&nbsp;FIB&nbsp;de Benic\u00e0ssim, en la qual els participants del taller compartiran el seu talent al costat d&#8217;artistes internacionals de renom.<\/p>\n","protected":false},"excerpt":{"rendered":"<p>Del 3 al 17 de juliol, l&#8217;IES Violant de Casalduch acull la 16a edici\u00f3 del Taller d&#8217;obres mestres del segle XX. El diputat de Cultura de la instituci\u00f3 provincial, Alejandro Clausell, convida \u201cal p\u00fablic a ser part d&#8217;esta experi\u00e8ncia \u00fanica, emmarcada per la mar i les estreles\u201d La Diputaci\u00f3 Provincial de Castell\u00f3 ha mostrat el &#8230; <a title=\"La Diputaci\u00f3 de Castell\u00f3 dona suport a la XXIV Cita amb la Dansa FIB de Benic\u00e0ssim\" class=\"read-more\" href=\"https:\/\/elcafedepipa.com\/index.php\/2024\/07\/10\/la-diputacio-de-castello-dona-suport-a-la-xxiv-cita-amb-la-dansa-fib-de-benicassim\/\" aria-label=\"M\u00e9s informaci\u00f3 sobre La Diputaci\u00f3 de Castell\u00f3 dona suport a la XXIV Cita amb la Dansa FIB de Benic\u00e0ssim\">Read more<\/a><\/p>\n","protected":false},"author":2,"featured_media":2902,"comment_status":"closed","ping_status":"closed","sticky":false,"template":"","format":"standard","meta":{"om_disable_all_campaigns":false,"_monsterinsights_skip_tracking":false,"_monsterinsights_sitenote_active":false,"_monsterinsights_sitenote_note":"","_monsterinsights_sitenote_category":0,"_uf_show_specific_survey":0,"_uf_disable_surveys":false,"footnotes":""},"categories":[10],"tags":[],"class_list":["post-2899","post","type-post","status-publish","format-standard","has-post-thumbnail","hentry","category-provinciadecastello"],"_links":{"self":[{"href":"https:\/\/elcafedepipa.com\/index.php\/wp-json\/wp\/v2\/posts\/2899","targetHints":{"allow":["GET"]}}],"collection":[{"href":"https:\/\/elcafedepipa.com\/index.php\/wp-json\/wp\/v2\/posts"}],"about":[{"href":"https:\/\/elcafedepipa.com\/index.php\/wp-json\/wp\/v2\/types\/post"}],"author":[{"embeddable":true,"href":"https:\/\/elcafedepipa.com\/index.php\/wp-json\/wp\/v2\/users\/2"}],"replies":[{"embeddable":true,"href":"https:\/\/elcafedepipa.com\/index.php\/wp-json\/wp\/v2\/comments?post=2899"}],"version-history":[{"count":0,"href":"https:\/\/elcafedepipa.com\/index.php\/wp-json\/wp\/v2\/posts\/2899\/revisions"}],"wp:featuredmedia":[{"embeddable":true,"href":"https:\/\/elcafedepipa.com\/index.php\/wp-json\/wp\/v2\/media\/2902"}],"wp:attachment":[{"href":"https:\/\/elcafedepipa.com\/index.php\/wp-json\/wp\/v2\/media?parent=2899"}],"wp:term":[{"taxonomy":"category","embeddable":true,"href":"https:\/\/elcafedepipa.com\/index.php\/wp-json\/wp\/v2\/categories?post=2899"},{"taxonomy":"post_tag","embeddable":true,"href":"https:\/\/elcafedepipa.com\/index.php\/wp-json\/wp\/v2\/tags?post=2899"}],"curies":[{"name":"wp","href":"https:\/\/api.w.org\/{rel}","templated":true}]}}