{"id":28674,"date":"2026-09-05T12:19:08","date_gmt":"2026-09-05T10:19:08","guid":{"rendered":"https:\/\/elcafedepipa.com\/?p=28674"},"modified":"2026-09-05T12:19:08","modified_gmt":"2026-09-05T10:19:08","slug":"el-pspv-psoe-responsabilitza-el-govern-del-pp-de-deixar-31-pobles-de-castello-sense-ajudes-per-als-camins-rurals","status":"publish","type":"post","link":"https:\/\/elcafedepipa.com\/index.php\/2026\/09\/05\/el-pspv-psoe-responsabilitza-el-govern-del-pp-de-deixar-31-pobles-de-castello-sense-ajudes-per-als-camins-rurals\/","title":{"rendered":"El PSPV-PSOE responsabilitza el govern del PP de deixar 31 pobles de Castell\u00f3 sense ajudes per als camins rurals"},"content":{"rendered":"\n<p class=\"wp-block-paragraph\"><strong>l PSPV-PSOE responsabilitza el govern del PP de deixar 31 pobles de Castell\u00f3 sense ajudes per als camins rurals<\/strong><br>La diputada Roc\u00edo Ib\u00e1\u00f1ez critica que la Generalitat mantinga des de fa tres anys congelats en quatre milions el pressupost malgrat que la demanda supera cada any el pressupost disponible<\/p>\n\n\n\n<p class=\"wp-block-paragraph\"><strong>Castell\u00f3, 05-09-2026<br><\/strong>El PSPV-PSOE de Castell\u00f3 responsabilitza el govern del PP de la Generalitat d&#8217;haver deixat 31 municipis de la prov\u00edncia sense ajudes per a condicionar camins rurals. Esta xifra suposa que quasi sis de cada deu de les 54 sol\u00b7licituds castellonenques que havien superat la fase inicial s&#8217;han quedat sense suport per falta de pressupost.<\/p>\n\n\n\n<p class=\"wp-block-paragraph\">La diputada del PSPV-PSOE a les Corts Roc\u00edo Ib\u00e1\u00f1ez denuncia que estes ajudes \u00abs\u00f3n insuficients\u00bb i que el Consell \u00abho sap\u00bb despr\u00e9s de tres convocat\u00f2ries consecutives amb el mateix problema. \u00abLa demanda supera els recursos disponibles i, malgrat aix\u00f2, fa tres anys que Agricultura mant\u00e9 els mateixos quatre milions d&#8217;euros. El PP s&#8217;ha acomodat a una convocat\u00f2ria en qu\u00e8 assumeix que una part dels pobles es quedar\u00e0 fora\u00bb.<\/p>\n\n\n\n<p class=\"wp-block-paragraph\">Ib\u00e1\u00f1ez lamenta que esta falta de recursos \u00abt\u00e9 efectes especialment negatius en els municipis sense a penes capacitat pressupost\u00e0ria\u00bb. Per exemple, una actuaci\u00f3 de nom\u00e9s 1.000 metres de cam\u00ed pot enfilar-se entre els 40.000 i els 60.000 euros, \u00abuna inversi\u00f3 molt dif\u00edcil d&#8217;assumir amb recursos propis per a molts pobles menuts\u00bb.<\/p>\n\n\n\n<p class=\"wp-block-paragraph\">\u00abEls camins s\u00f3n b\u00e0sics perqu\u00e8 donen acc\u00e9s a explotacions agr\u00e0ries i suporten cada dia el tr\u00e0nsit de tractors i altra maquin\u00e0ria. Quan estan en mal estat, dificulten el pas, castiguen els vehicles i obliguen els ajuntaments a afrontar unes inversions que molts no poden assumir a soles, un problema que tamb\u00e9 ve denunciant LA UNI\u00d3\u00bb.<\/p>\n\n\n\n<p class=\"wp-block-paragraph\"><strong>L&#8217;Alt Pal\u00e0ncia, la comarca m\u00e9s afectada<br><\/strong>L&#8217;Alt Pal\u00e0ncia \u00e9s la comarca de Castell\u00f3 amb m\u00e9s municipis sense ajuda, amb nou: Almed\u00edjar, Benafer, Castellnovo, El Toro, J\u00e9rica, Soneja, Tor\u00e1s, Vall de Almonacid i Viver. \u00abEl m\u00e9s sagnant \u00e9s que siga precisament la comarca de Miguel Barrachina la que acumula m\u00e9s municipis sense suport. Coneix la realitat de tots els pobles i les seues dificultats per a mantindre la seua xarxa de camins, per\u00f2 res ha fet fins ara per a donar cap soluci\u00f3\u00bb, denuncia Ib\u00e1\u00f1ez.<\/p>\n\n\n\n<p class=\"wp-block-paragraph\">\u00abEls socialistes de les Corts continuarem exigint que augmente els recursos perqu\u00e8 els ajuntaments puguen executar estes obres i els llauradors tinguen accessos en condicions a les seues explotacions\u00bb, conclou.<\/p>\n","protected":false},"excerpt":{"rendered":"<p>l PSPV-PSOE responsabilitza el govern del PP de deixar 31 pobles de Castell\u00f3 sense ajudes per als camins ruralsLa diputada Roc\u00edo Ib\u00e1\u00f1ez critica que la Generalitat mantinga des de fa tres anys congelats en quatre milions el pressupost malgrat que la demanda supera cada any el pressupost disponible Castell\u00f3, 05-09-2026El PSPV-PSOE de Castell\u00f3 responsabilitza el &#8230; <a title=\"El PSPV-PSOE responsabilitza el govern del PP de deixar 31 pobles de Castell\u00f3 sense ajudes per als camins rurals\" class=\"read-more\" href=\"https:\/\/elcafedepipa.com\/index.php\/2026\/09\/05\/el-pspv-psoe-responsabilitza-el-govern-del-pp-de-deixar-31-pobles-de-castello-sense-ajudes-per-als-camins-rurals\/\" aria-label=\"M\u00e9s informaci\u00f3 sobre El PSPV-PSOE responsabilitza el govern del PP de deixar 31 pobles de Castell\u00f3 sense ajudes per als camins rurals\">Read more<\/a><\/p>\n","protected":false},"author":5,"featured_media":28675,"comment_status":"open","ping_status":"closed","sticky":false,"template":"","format":"standard","meta":{"om_disable_all_campaigns":false,"_monsterinsights_skip_tracking":false,"_uf_show_specific_survey":0,"_uf_disable_surveys":false,"slim_seo":{"title":"El PSPV-PSOE responsabilitza el govern del PP de deixar 31 pobles de Castell\u00f3 sense ajudes per als camins rurals - El caf\u00e9 de Pipa","description":"l PSPV-PSOE responsabilitza el govern del PP de deixar 31 pobles de Castell\u00f3 sense ajudes per als camins rurals La diputada Roc\u00edo Ib\u00e1\u00f1ez critica que la Generali"},"footnotes":""},"categories":[10],"tags":[],"ppma_author":[81],"class_list":["post-28674","post","type-post","status-publish","format-standard","has-post-thumbnail","hentry","category-provinciadecastello"],"distributor_meta":false,"distributor_terms":false,"distributor_media":false,"distributor_original_site_name":"Info Nord","distributor_original_site_url":"https:\/\/infonord.es","push-errors":false,"authors":[{"term_id":81,"user_id":0,"is_guest":1,"slug":"pspv-psoe-castello","display_name":"PSPV-PSOE Castell\u00f3","avatar_url":"https:\/\/secure.gravatar.com\/avatar\/?s=96&d=mm&r=g","author_category":"","first_name":"","last_name":"","user_url":"","job_title":"","description":""}],"_links":{"self":[{"href":"https:\/\/elcafedepipa.com\/index.php\/wp-json\/wp\/v2\/posts\/28674","targetHints":{"allow":["GET"]}}],"collection":[{"href":"https:\/\/elcafedepipa.com\/index.php\/wp-json\/wp\/v2\/posts"}],"about":[{"href":"https:\/\/elcafedepipa.com\/index.php\/wp-json\/wp\/v2\/types\/post"}],"author":[{"embeddable":true,"href":"https:\/\/elcafedepipa.com\/index.php\/wp-json\/wp\/v2\/users\/5"}],"replies":[{"embeddable":true,"href":"https:\/\/elcafedepipa.com\/index.php\/wp-json\/wp\/v2\/comments?post=28674"}],"version-history":[{"count":1,"href":"https:\/\/elcafedepipa.com\/index.php\/wp-json\/wp\/v2\/posts\/28674\/revisions"}],"predecessor-version":[{"id":28676,"href":"https:\/\/elcafedepipa.com\/index.php\/wp-json\/wp\/v2\/posts\/28674\/revisions\/28676"}],"wp:featuredmedia":[{"embeddable":true,"href":"https:\/\/elcafedepipa.com\/index.php\/wp-json\/wp\/v2\/media\/28675"}],"wp:attachment":[{"href":"https:\/\/elcafedepipa.com\/index.php\/wp-json\/wp\/v2\/media?parent=28674"}],"wp:term":[{"taxonomy":"category","embeddable":true,"href":"https:\/\/elcafedepipa.com\/index.php\/wp-json\/wp\/v2\/categories?post=28674"},{"taxonomy":"post_tag","embeddable":true,"href":"https:\/\/elcafedepipa.com\/index.php\/wp-json\/wp\/v2\/tags?post=28674"},{"taxonomy":"author","embeddable":true,"href":"https:\/\/elcafedepipa.com\/index.php\/wp-json\/wp\/v2\/ppma_author?post=28674"}],"curies":[{"name":"wp","href":"https:\/\/api.w.org\/{rel}","templated":true}]}}