{"id":28671,"date":"2026-09-05T12:10:04","date_gmt":"2026-09-05T10:10:04","guid":{"rendered":"https:\/\/elcafedepipa.com\/?p=28671"},"modified":"2026-09-06T09:58:38","modified_gmt":"2026-09-06T07:58:38","slug":"el-govern-provincial-impulsa-una-mocio-com-a-mostra-de-solidaritat-i-suport-a-ceuta","status":"publish","type":"post","link":"https:\/\/elcafedepipa.com\/index.php\/2026\/09\/05\/el-govern-provincial-impulsa-una-mocio-com-a-mostra-de-solidaritat-i-suport-a-ceuta\/","title":{"rendered":"El Govern Provincial impulsa una moci\u00f3 com a mostra de solidaritat i suport a Ceuta"},"content":{"rendered":"\n<p class=\"wp-block-paragraph\"><\/p>\n\n\n\n<ul class=\"wp-block-list\">\n<li><strong>El ple ordinari del mes de setembre inclour\u00e0 una moci\u00f3 en defensa de la sobirania espanyola de Ceuta i Melilla i per a exigir al Govern d&#8217;Espanya l&#8217;adopci\u00f3 de mesures extraordin\u00e0ries abans els esdeveniments que est\u00e0 vivint la Ciutat Aut\u00f2noma<\/strong><\/li>\n\n\n\n<li><strong>\u201cAmb esta moci\u00f3 volem mostrar el nostre ferm suport, solidaritat i proximitat amb la Ciutat Aut\u00f2noma de Ceuta, les seues institucions i tots els de Ceuta i expressar el nostre comprom\u00eds amb la defensa de la seua seguretat, conviv\u00e8ncia, drets i llibertats\u201d, ha expressat el vicepresident i portaveu del Govern, H\u00e9ctor Folgado<\/strong><\/li>\n<\/ul>\n\n\n\n<p class=\"wp-block-paragraph\"><strong><u>El Govern Provincial impulsa una moci\u00f3 com a mostra de solidaritat i suport a Ceuta.<\/p>\n\n\n\n<p class=\"wp-block-paragraph\">El ple ordinari del mes de setembre en la Diputaci\u00f3 de Castell\u00f3, que se celebrar\u00e0 el pr\u00f2xim dia 22, inclour\u00e0 una moci\u00f3 en defensa de la sobirania espanyola de Ceuta i Melilla i per a exigir al Govern d&#8217;Espanya l&#8217;adopci\u00f3 de mesures extraordin\u00e0ries davant els esdeveniments que est\u00e0 vivint la Ciutat Aut\u00f2noma.<\/p>\n\n\n\n<p class=\"wp-block-paragraph\">\u201cAmb esta moci\u00f3 volem mostrar el nostre ferm suport, solidaritat i proximitat amb la Ciutat Aut\u00f2noma de Ceuta, les seues institucions i tots els de Ceuta i expressar el nostre comprom\u00eds amb la defensa de la seua seguretat, conviv\u00e8ncia, drets i llibertats\u201d. Aix\u00ed s&#8217;ha expressat el vicepresident i portaveu del Govern, H\u00e9ctor Folgado, qui ha subratllat que \u201cCeuta i Melilla s\u00f3n part inseparable de Naci\u00f3 espanyola i la seua sobirania no es q\u00fcestiona, no es negocia i es def\u00e9n\u201d.<\/p>\n\n\n\n<p class=\"wp-block-paragraph\">La moci\u00f3 impulsada pel Govern Provincial en la Diputaci\u00f3 de Castell\u00f3, a m\u00e9s de mostrar la m\u00e0xima solidaritat i suport als de Ceuta, \u201ctamb\u00e9 t\u00e9 l&#8217;objectiu de reclamar al Govern d&#8217;Espanya que exercisca plenament les seues responsabilitat i actue amb la fermesa que requerix una q\u00fcesti\u00f3 d&#8217;Estat\u201d, ha incidit el vicepresident provincial.<\/p>\n\n\n\n<p class=\"wp-block-paragraph\">Al respecte, tal com s&#8217;exposa en la proposta d&#8217;acord, a trav\u00e9s de la moci\u00f3 es pret\u00e9n instar el Govern d&#8217;Espanya a desplegar i mantindre a Ceuta tots els recursos, mitjans i capacitats de l&#8217;Estat que siguen necessaris, inclosos quants recursos extraordinaris resulten precisos, fins a garantir la recuperaci\u00f3 plena de la normalitat, la seguretat, l&#8217;orde p\u00fablic i l&#8217;exercici efectiu dels drets fonamentals i constitucionals dels de Ceuta. \u201cEls esdeveniments produ\u00efts a Ceuta exigixen una resposta extraordin\u00e0ria, coordinada, ferma i sostinguda en el temps per part del Govern d&#8217;Espanya\u201d, ha afegit H\u00e9ctor Folgado.<\/p>\n\n\n\n<p class=\"wp-block-paragraph\">El text que se sotmetr\u00e0 a aprovaci\u00f3 en el ple, inclou tamb\u00e9 un reconeixement a les Forces i Cossos de Seguretat de l&#8217;Estat, les Forces Armades, la Policia Local, els serveis d&#8217;emerg\u00e8ncia i els empleats p\u00fablics que estan intervenint a Ceuta en defensa de la seguretat, la conviv\u00e8ncia i els drets dels ciutadans de Ceuta. \u201cCeuta i Melilla s\u00f3n part inseparable d&#8217;Espanya i el seu defensa constitu\u00efx una responsabilitat irrenunciable del Govern Central i del conjunt de les institucions de l&#8217;Estat\u201d, ha finalitzat el vicepresident provincial.<\/p>\n","protected":false},"excerpt":{"rendered":"<p>El Govern Provincial impulsa una moci\u00f3 com a mostra de solidaritat i suport a Ceuta. El ple ordinari del mes de setembre en la Diputaci\u00f3 de Castell\u00f3, que se celebrar\u00e0 el pr\u00f2xim dia 22, inclour\u00e0 una moci\u00f3 en defensa de la sobirania espanyola de Ceuta i Melilla i per a exigir al Govern d&#8217;Espanya l&#8217;adopci\u00f3 &#8230; <a title=\"El Govern Provincial impulsa una moci\u00f3 com a mostra de solidaritat i suport a Ceuta\" class=\"read-more\" href=\"https:\/\/elcafedepipa.com\/index.php\/2026\/09\/05\/el-govern-provincial-impulsa-una-mocio-com-a-mostra-de-solidaritat-i-suport-a-ceuta\/\" aria-label=\"M\u00e9s informaci\u00f3 sobre El Govern Provincial impulsa una moci\u00f3 com a mostra de solidaritat i suport a Ceuta\">Read more<\/a><\/p>\n","protected":false},"author":5,"featured_media":28672,"comment_status":"open","ping_status":"closed","sticky":false,"template":"","format":"standard","meta":{"om_disable_all_campaigns":false,"_monsterinsights_skip_tracking":false,"_uf_show_specific_survey":0,"_uf_disable_surveys":false,"slim_seo":{"title":"El Govern Provincial impulsa una moci\u00f3 com a mostra de solidaritat i suport a Ceuta - El caf\u00e9 de Pipa","description":"El Govern Provincial impulsa una moci\u00f3 com a mostra de solidaritat i suport a Ceuta. El ple ordinari del mes de setembre en la Diputaci\u00f3 de Castell\u00f3, que se cel"},"footnotes":""},"categories":[10],"tags":[],"ppma_author":[64],"class_list":["post-28671","post","type-post","status-publish","format-standard","has-post-thumbnail","hentry","category-provinciadecastello"],"distributor_meta":false,"distributor_terms":false,"distributor_media":false,"distributor_original_site_name":"Info Nord","distributor_original_site_url":"https:\/\/infonord.es","push-errors":false,"authors":[{"term_id":64,"user_id":0,"is_guest":1,"slug":"diputacio-de-castello","display_name":"Diputaci\u00f3 de Castell\u00f3","avatar_url":"https:\/\/secure.gravatar.com\/avatar\/?s=96&d=mm&r=g","author_category":"","first_name":"","last_name":"","user_url":"","job_title":"","description":""}],"_links":{"self":[{"href":"https:\/\/elcafedepipa.com\/index.php\/wp-json\/wp\/v2\/posts\/28671","targetHints":{"allow":["GET"]}}],"collection":[{"href":"https:\/\/elcafedepipa.com\/index.php\/wp-json\/wp\/v2\/posts"}],"about":[{"href":"https:\/\/elcafedepipa.com\/index.php\/wp-json\/wp\/v2\/types\/post"}],"author":[{"embeddable":true,"href":"https:\/\/elcafedepipa.com\/index.php\/wp-json\/wp\/v2\/users\/5"}],"replies":[{"embeddable":true,"href":"https:\/\/elcafedepipa.com\/index.php\/wp-json\/wp\/v2\/comments?post=28671"}],"version-history":[{"count":2,"href":"https:\/\/elcafedepipa.com\/index.php\/wp-json\/wp\/v2\/posts\/28671\/revisions"}],"predecessor-version":[{"id":28702,"href":"https:\/\/elcafedepipa.com\/index.php\/wp-json\/wp\/v2\/posts\/28671\/revisions\/28702"}],"wp:featuredmedia":[{"embeddable":true,"href":"https:\/\/elcafedepipa.com\/index.php\/wp-json\/wp\/v2\/media\/28672"}],"wp:attachment":[{"href":"https:\/\/elcafedepipa.com\/index.php\/wp-json\/wp\/v2\/media?parent=28671"}],"wp:term":[{"taxonomy":"category","embeddable":true,"href":"https:\/\/elcafedepipa.com\/index.php\/wp-json\/wp\/v2\/categories?post=28671"},{"taxonomy":"post_tag","embeddable":true,"href":"https:\/\/elcafedepipa.com\/index.php\/wp-json\/wp\/v2\/tags?post=28671"},{"taxonomy":"author","embeddable":true,"href":"https:\/\/elcafedepipa.com\/index.php\/wp-json\/wp\/v2\/ppma_author?post=28671"}],"curies":[{"name":"wp","href":"https:\/\/api.w.org\/{rel}","templated":true}]}}