{"id":28666,"date":"2026-09-05T09:40:00","date_gmt":"2026-09-05T07:40:00","guid":{"rendered":"https:\/\/elcafedepipa.com\/?p=28666"},"modified":"2026-09-05T09:40:15","modified_gmt":"2026-09-05T07:40:15","slug":"manuel-valls-i-nicolas-redondo-analitzaran-els-reptes-deuropa-en-una-nova-cita-del-cicle-agora-nules","status":"publish","type":"post","link":"https:\/\/elcafedepipa.com\/index.php\/2026\/09\/05\/manuel-valls-i-nicolas-redondo-analitzaran-els-reptes-deuropa-en-una-nova-cita-del-cicle-agora-nules\/","title":{"rendered":"Manuel Valls i Nicol\u00e1s Redondo analitzaran els reptes d\u2019Europa en una nova cita del cicle \u00c0gora Nules"},"content":{"rendered":"\n<p class=\"wp-block-paragraph\"><\/p>\n\n\n\n<ul class=\"wp-block-list\">\n<li><em>E<strong>l Teatre Alc\u00e1zar acollir\u00e0 la confer\u00e8ncia el pr\u00f2xim dilluns amb entrada lliure fins a completar l&#8217;aforament<\/strong><\/em><\/li>\n<\/ul>\n\n\n\n<p class=\"wp-block-paragraph\">El cicle de confer\u00e8ncies \u00c0gora Nules repr\u00e9n la seua activitat el pr\u00f2xim dilluns, 7 de setembre, a les 19.00 hores, amb una pon\u00e8ncia a c\u00e0rrec de l&#8217;exprimer ministre franc\u00e9s Manuel Valls, qui estar\u00e0 acompanyat per Nicol\u00e1s Redondo. La trobada, d&#8217;acc\u00e9s lliure i gratu\u00eft fins a completar la capacitat de la sala, tindr\u00e0 lloc al Teatre Alc\u00e1zar del municipi.<\/p>\n\n\n\n<p class=\"wp-block-paragraph\">Sota el t\u00edtol <em>\u00abGuerras, inmigraci\u00f3n, inteligencia artificial, democracia \u00bfqu\u00e9 Europa queremos?\u00bb<\/em>, la jornada abordar\u00e0 les principals transformacions i desafiaments que afronta el projecte comunitari. Valls aportar\u00e0 la seua an\u00e0lisi des de l&#8217;experi\u00e8ncia en la gesti\u00f3 institucional internacional, mentre que Redondo, referent del socialisme democr\u00e0tic espanyol i president de la Fundaci\u00f3n para la Libertad, participar\u00e0 en el di\u00e0leg posterior centrat en l&#8217;estat de la democr\u00e0cia i el marc constitucional.<\/p>\n\n\n\n<p class=\"wp-block-paragraph\">L&#8217;alcalde de Nules, David Garc\u00eda, ha subratllat el valor de la convocat\u00f2ria per a la localitat, en apuntar que permetr\u00e0 \u00abtindre a Nules a dues figures pol\u00edtiques molt destacades que ens aportaran la seua visi\u00f3 sobre Europa i altres assumptes d\u2019actualitat des de la seua experi\u00e8ncia i coneixement\u00bb.<\/p>\n\n\n\n<p class=\"wp-block-paragraph\">El cicle \u00c0gora Nules \u00e9s una iniciativa promoguda per l&#8217;Ajuntament de Nules amb la col\u00b7laboraci\u00f3 de l&#8217;Associaci\u00f3 Empresarial de Nules i el centre associat de la UNED Castell\u00f3-Vila-real, dissenyada com un espai p\u00fablic dedicat a la reflexi\u00f3, el debat plural i l&#8217;estudi dels reptes de la societat actual.<\/p>\n\n\n\n<figure class=\"wp-block-image size-large\"><img fetchpriority=\"high\" decoding=\"async\" width=\"724\" height=\"1024\" src=\"https:\/\/elcafedepipa.com\/wp-content\/uploads\/2026\/09\/AGORA-NULES-MANUEL-VALLS-1-724x1024.jpg\" alt=\"\u00c0GORA NULES MANUEL VALLS\" class=\"wp-image-28669\" srcset=\"https:\/\/elcafedepipa.com\/wp-content\/uploads\/2026\/09\/AGORA-NULES-MANUEL-VALLS-1-724x1024.jpg 724w, https:\/\/elcafedepipa.com\/wp-content\/uploads\/2026\/09\/AGORA-NULES-MANUEL-VALLS-1-212x300.jpg 212w, https:\/\/elcafedepipa.com\/wp-content\/uploads\/2026\/09\/AGORA-NULES-MANUEL-VALLS-1-768x1085.jpg 768w, https:\/\/elcafedepipa.com\/wp-content\/uploads\/2026\/09\/AGORA-NULES-MANUEL-VALLS-1-1087x1536.jpg 1087w, https:\/\/elcafedepipa.com\/wp-content\/uploads\/2026\/09\/AGORA-NULES-MANUEL-VALLS-1.jpg 1132w\" sizes=\"(max-width: 724px) 100vw, 724px\" \/><\/figure>\n","protected":false},"excerpt":{"rendered":"<p>El cicle de confer\u00e8ncies \u00c0gora Nules repr\u00e9n la seua activitat el pr\u00f2xim dilluns, 7 de setembre, a les 19.00 hores, amb una pon\u00e8ncia a c\u00e0rrec de l&#8217;exprimer ministre franc\u00e9s Manuel Valls, qui estar\u00e0 acompanyat per Nicol\u00e1s Redondo. La trobada, d&#8217;acc\u00e9s lliure i gratu\u00eft fins a completar la capacitat de la sala, tindr\u00e0 lloc al Teatre &#8230; <a title=\"Manuel Valls i Nicol\u00e1s Redondo analitzaran els reptes d\u2019Europa en una nova cita del cicle \u00c0gora Nules\" class=\"read-more\" href=\"https:\/\/elcafedepipa.com\/index.php\/2026\/09\/05\/manuel-valls-i-nicolas-redondo-analitzaran-els-reptes-deuropa-en-una-nova-cita-del-cicle-agora-nules\/\" aria-label=\"M\u00e9s informaci\u00f3 sobre Manuel Valls i Nicol\u00e1s Redondo analitzaran els reptes d\u2019Europa en una nova cita del cicle \u00c0gora Nules\">Read more<\/a><\/p>\n","protected":false},"author":6,"featured_media":28668,"comment_status":"open","ping_status":"closed","sticky":false,"template":"","format":"standard","meta":{"om_disable_all_campaigns":false,"_monsterinsights_skip_tracking":false,"_uf_show_specific_survey":0,"_uf_disable_surveys":false,"slim_seo":{"title":"Manuel Valls i Nicol\u00e1s Redondo analitzaran els reptes d\u2019Europa en una nova cita del cicle \u00c0gora Nules - El caf\u00e9 de Pipa","description":"El cicle de confer\u00e8ncies \u00c0gora Nules repr\u00e9n la seua activitat el pr\u00f2xim dilluns, 7 de setembre, a les 19.00 hores, amb una pon\u00e8ncia a c\u00e0rrec de l'exprimer minis"},"footnotes":""},"categories":[3],"tags":[],"ppma_author":[44],"class_list":["post-28666","post","type-post","status-publish","format-standard","has-post-thumbnail","hentry","category-nules"],"distributor_meta":false,"distributor_terms":false,"distributor_media":false,"distributor_original_site_name":"El caf\u00e9 de Pipa","distributor_original_site_url":"https:\/\/elcafedepipa.com","push-errors":false,"authors":[{"term_id":44,"user_id":6,"is_guest":0,"slug":"juanadell","display_name":"Juan Adell","avatar_url":"https:\/\/secure.gravatar.com\/avatar\/?s=96&d=mm&r=g","author_category":"","first_name":"Juan","last_name":"Adell","user_url":"","job_title":"","description":""}],"_links":{"self":[{"href":"https:\/\/elcafedepipa.com\/index.php\/wp-json\/wp\/v2\/posts\/28666","targetHints":{"allow":["GET"]}}],"collection":[{"href":"https:\/\/elcafedepipa.com\/index.php\/wp-json\/wp\/v2\/posts"}],"about":[{"href":"https:\/\/elcafedepipa.com\/index.php\/wp-json\/wp\/v2\/types\/post"}],"author":[{"embeddable":true,"href":"https:\/\/elcafedepipa.com\/index.php\/wp-json\/wp\/v2\/users\/6"}],"replies":[{"embeddable":true,"href":"https:\/\/elcafedepipa.com\/index.php\/wp-json\/wp\/v2\/comments?post=28666"}],"version-history":[{"count":1,"href":"https:\/\/elcafedepipa.com\/index.php\/wp-json\/wp\/v2\/posts\/28666\/revisions"}],"predecessor-version":[{"id":28670,"href":"https:\/\/elcafedepipa.com\/index.php\/wp-json\/wp\/v2\/posts\/28666\/revisions\/28670"}],"wp:featuredmedia":[{"embeddable":true,"href":"https:\/\/elcafedepipa.com\/index.php\/wp-json\/wp\/v2\/media\/28668"}],"wp:attachment":[{"href":"https:\/\/elcafedepipa.com\/index.php\/wp-json\/wp\/v2\/media?parent=28666"}],"wp:term":[{"taxonomy":"category","embeddable":true,"href":"https:\/\/elcafedepipa.com\/index.php\/wp-json\/wp\/v2\/categories?post=28666"},{"taxonomy":"post_tag","embeddable":true,"href":"https:\/\/elcafedepipa.com\/index.php\/wp-json\/wp\/v2\/tags?post=28666"},{"taxonomy":"author","embeddable":true,"href":"https:\/\/elcafedepipa.com\/index.php\/wp-json\/wp\/v2\/ppma_author?post=28666"}],"curies":[{"name":"wp","href":"https:\/\/api.w.org\/{rel}","templated":true}]}}