{"id":28661,"date":"2026-09-04T17:59:42","date_gmt":"2026-09-04T15:59:42","guid":{"rendered":"https:\/\/elcafedepipa.com\/?p=28661"},"modified":"2026-09-04T17:59:53","modified_gmt":"2026-09-04T15:59:53","slug":"barrachina-reafirma-el-compromiso-de-la-generalitat-con-el-campo-valenciano-con-ayudas-de-cerca-de-150-millones-de-euros-para-modernizar-recuperar-y-hacer-mas-competitivo-el-sector","status":"publish","type":"post","link":"https:\/\/elcafedepipa.com\/index.php\/2026\/09\/04\/barrachina-reafirma-el-compromiso-de-la-generalitat-con-el-campo-valenciano-con-ayudas-de-cerca-de-150-millones-de-euros-para-modernizar-recuperar-y-hacer-mas-competitivo-el-sector\/","title":{"rendered":"El conseller Miguel Barrachina mobilitza 150 milions d\u2019euros per a impulsar i modernitzar el camp valenci\u00e0"},"content":{"rendered":"\n<ul class=\"wp-block-list\">\n<li><strong>La Conselleria injecta 50 milions d&#8217;euros en la modernitzaci\u00f3 d&#8217;explotacions i prepara una altra l\u00ednia d&#8217;ajudes de 8 milions d&#8217;euros enfocada a joves i nous llauradors que veur\u00e0 la llum este mes de setembre.<\/strong><\/li>\n<\/ul>\n\n\n\n<p class=\"wp-block-paragraph\">Durant la trobada amb el sector, el conseller s&#8217;ha reunit amb representants de les principals entitats agr\u00e0ries i del cooperativisme agroalimentari per a tractar les ajudes destinades a recuperar el potencial productiu despr\u00e9s de la riuada, la protecci\u00f3 de l&#8217;Horta de Val\u00e8ncia i les inversions en ramaderia.<\/p>\n\n\n\n<p class=\"wp-block-paragraph\">El titular d&#8217;Agricultura, Aigua, Ramaderia i Pesca, Miguel Barrachina, ha ressaltat <strong>hui divendres<\/strong> el ferm suport de la Generalitat al futur del sector agrari, mitjan\u00e7ant una partida pr\u00f2xima als <strong>150 milions d&#8217;euros<\/strong> orientada a modernitzar instal\u00b7lacions, recobrar la capacitat productiva i refor\u00e7ar la competitivitat del sector agrari i ramader de la Comunitat Valenciana.<\/p>\n\n\n\n<p class=\"wp-block-paragraph\">\u201cLa Generalitat mantiene su compromiso con el campo valenciano con m\u00e1s ayudas\u201d, ha assenyalat Barrachina al llarg de la sessi\u00f3 de treball mantinguda amb els representants de les principals organitzacions agr\u00e0ries i del cooperativisme agroalimentari de la Comunitat Valenciana.<\/p>\n\n\n\n<p class=\"wp-block-paragraph\">A la cita han acudit el president d&#8217;AVA-ASAJA, Crist\u00f3bal Aguado; el secretari t\u00e8cnic d&#8217;ASAJA Alacant, Ram\u00f3n Espinosa; el secretari general d&#8217;UPA, Ricardo Bayo; el secretari general de La Uni\u00f3, Carles Peris; i el director de Cooperatives Agroaliment\u00e0ries de la Comunitat Valenciana, Enrique Bell\u00e9s.<\/p>\n\n\n\n<p class=\"wp-block-paragraph\">En la trobada, el conseller ha explicat a les entitats del sector les principals l\u00ednies de subvenci\u00f3 obertes i les pr\u00f2ximes iniciatives de la Conselleria, enfocades a acompanyar agricultors i ramaders en la modernitzaci\u00f3 de les seues explotacions, afavorir el relleu generacional, recuperar les produccions damnificades per la DANA, continuar la modernitzaci\u00f3 dels regadius i refor\u00e7ar la viabilitat i competitivitat de l&#8217;activitat agr\u00e0ria.<\/p>\n\n\n\n<h3 class=\"wp-block-heading\">50 milions per a modernitzar les explotacions agr\u00e0ries<\/h3>\n\n\n\n<p class=\"wp-block-paragraph\">Entre les mesures de major abast destaca la l\u00ednia per a modernitzar explotacions, amb un fons de <strong>50 milions d&#8217;euros<\/strong> per a finan\u00e7ar inversions en maquin\u00e0ria, tecnologia, condicionament i infraestructures. El termini de sol\u00b7licitud, que s&#8217;ha prorrogat en dues ocasions a petici\u00f3 del sector, es tanca el pr\u00f2xim <strong>1 d&#8217;octubre<\/strong>.<\/p>\n\n\n\n<p class=\"wp-block-paragraph\">Barrachina ha manifestat que esta l\u00ednia donar\u00e0 l&#8217;oportunitat als agricultors i ramaders de \u201cincorporar nuevas tecnolog\u00edas y mejorar su productividad para afrontar con mayores garant\u00edas los retos del futuro\u201d.<\/p>\n\n\n\n<h3 class=\"wp-block-heading\">8 milions per a impulsar el relleu generacional<\/h3>\n\n\n\n<p class=\"wp-block-paragraph\">L&#8217;impuls als joves constitueix una altra de les prioritats de la Generalitat, que t\u00e9 previst llan\u00e7ar a <strong>finals de setembre<\/strong> ajudes per <strong>8 milions d&#8217;euros<\/strong> adre\u00e7ades a joves de 18 a 40 anys i nous agricultors de 41 a 56 anys que s&#8217;incorporen per primera vegada a una explotaci\u00f3 viable.<\/p>\n\n\n\n<p class=\"wp-block-paragraph\">Els fons oscil\u00b7laran entre <strong>30.000 i 80.000 euros<\/strong> en el cas dels joves i entre <strong>20.000 i 70.000 euros<\/strong> per als nous llauradors, amb la finalitat de facilitar la seua incorporaci\u00f3 al sector i assegurar el futur del camp valenci\u00e0.<\/p>\n\n\n\n<h3 class=\"wp-block-heading\">26,7 milions per a recuperar les explotacions afectades per la DANA<\/h3>\n\n\n\n<p class=\"wp-block-paragraph\">El Consell mant\u00e9 igualment la seua aposta per restaurar el potencial productiu dels terrenys afectats per la DANA. Durant la reuni\u00f3 s&#8217;ha analitzat la l\u00ednia extraordin\u00e0ria de replantaci\u00f3 i recuperaci\u00f3 del potencial productiu, dotada amb un pressupost de <strong>26,7 milions d&#8217;euros<\/strong>. La subvenci\u00f3 pot cobrir fins al <strong>100 %<\/strong> del cost de replantaci\u00f3, amb un sostre de 6.000 euros per hect\u00e0rea afectada.<\/p>\n\n\n\n<p class=\"wp-block-paragraph\">\u201cLa recuperaci\u00f3n de las explotaciones que sufrieron los efectos de la DANA sigue siendo una prioridad para la Generalitat. Queremos que nuestros agricultores puedan recuperar cuanto antes su capacidad productiva y volver a poner en valor sus tierras\u201d, ha reafirmat Barrachina.<\/p>\n\n\n\n<h3 class=\"wp-block-heading\">2 milions per a preservar l&#8217;activitat agr\u00edcola de l&#8217;Horta de Val\u00e8ncia<\/h3>\n\n\n\n<p class=\"wp-block-paragraph\">Aix\u00ed mateix, en la trobada s&#8217;han repassat les ajudes directes a l&#8217;Horta de Val\u00e8ncia, amb un fons de <strong>2 milions d&#8217;euros<\/strong> per a mantindre la faena agr\u00edcola tradicional en les zones protegides H1 i H2. El suport arriba als <strong>1.500 euros per hect\u00e0rea<\/strong>, amb 500 euros addicionals per a joves agricultors; una convocat\u00f2ria que ha registrat inicialment 558 sol\u00b7licituds per un valor d&#8217;1,91 milions d&#8217;euros.<\/p>\n\n\n\n<h3 class=\"wp-block-heading\">9 milions per a millorar la competitivitat ramadera<\/h3>\n\n\n\n<p class=\"wp-block-paragraph\">En l&#8217;\u00e0mbit ramader, el conseller ha remarcat la consolidaci\u00f3 d&#8217;una assignaci\u00f3 de <strong>9 milions d&#8217;euros<\/strong> destinada a incrementar la competitivitat de les explotacions ramaderes.<\/p>\n\n\n\n<p class=\"wp-block-paragraph\">Estes subvencions permeten finan\u00e7ar inversions t\u00e8cniques, millores en les instal\u00b7lacions, accions de bioseguretat i sanitat animal, modernitzaci\u00f3 i mesures per a augmentar l&#8217;efici\u00e8ncia en la gesti\u00f3 del ramat, cobrint entre el <strong>50 % i el 60 %<\/strong> dels costos d&#8217;inversi\u00f3.<\/p>\n\n\n\n<p class=\"wp-block-paragraph\">Cal recordar que la darrera convocat\u00f2ria va permetre concedir <strong>466 ajudes<\/strong>, amb una quantia total de <strong>8.987.596 euros<\/strong>.<\/p>\n\n\n\n<p class=\"wp-block-paragraph\">A m\u00e9s, al llarg de la reuni\u00f3 s&#8217;ha analitzat la situaci\u00f3 dels principals problemes fitosanitaris que pateix el camp valenci\u00e0 i les mesures promogudes per a millorar-ne la prevenci\u00f3 i el control. En este sentit, s&#8217;ha tractat l&#8217;evoluci\u00f3 del &#8216;cucat&#8217; de l&#8217;arr\u00f2s, la incid\u00e8ncia de l&#8217;aranya roja en els c\u00edtrics i les accions de protecci\u00f3 davant el virus de la clorosi nervial, per tal de refor\u00e7ar la coordinaci\u00f3 amb el sector i avan\u00e7ar en estrat\u00e8gies d&#8217;actuaci\u00f3 eficaces davant plagues i malalties que amenacen les produccions.<\/p>\n","protected":false},"excerpt":{"rendered":"<p>Durant la trobada amb el sector, el conseller s&#8217;ha reunit amb representants de les principals entitats agr\u00e0ries i del cooperativisme agroalimentari per a tractar les ajudes destinades a recuperar el potencial productiu despr\u00e9s de la riuada, la protecci\u00f3 de l&#8217;Horta de Val\u00e8ncia i les inversions en ramaderia. El titular d&#8217;Agricultura, Aigua, Ramaderia i Pesca, Miguel &#8230; <a title=\"El conseller Miguel Barrachina mobilitza 150 milions d\u2019euros per a impulsar i modernitzar el camp valenci\u00e0\" class=\"read-more\" href=\"https:\/\/elcafedepipa.com\/index.php\/2026\/09\/04\/barrachina-reafirma-el-compromiso-de-la-generalitat-con-el-campo-valenciano-con-ayudas-de-cerca-de-150-millones-de-euros-para-modernizar-recuperar-y-hacer-mas-competitivo-el-sector\/\" aria-label=\"M\u00e9s informaci\u00f3 sobre El conseller Miguel Barrachina mobilitza 150 milions d\u2019euros per a impulsar i modernitzar el camp valenci\u00e0\">Read more<\/a><\/p>\n","protected":false},"author":5,"featured_media":28662,"comment_status":"open","ping_status":"closed","sticky":false,"template":"","format":"standard","meta":{"om_disable_all_campaigns":false,"_monsterinsights_skip_tracking":false,"_uf_show_specific_survey":0,"_uf_disable_surveys":false,"slim_seo":{"title":"El conseller Miguel Barrachina mobilitza 150 milions d\u2019euros per a impulsar i modernitzar el camp valenci\u00e0 - El caf\u00e9 de Pipa","description":"Durant la trobada amb el sector, el conseller s'ha reunit amb representants de les principals entitats agr\u00e0ries i del cooperativisme agroalimentari per a tracta"},"footnotes":""},"categories":[10],"tags":[],"ppma_author":[75],"class_list":["post-28661","post","type-post","status-publish","format-standard","has-post-thumbnail","hentry","category-provinciadecastello"],"distributor_meta":false,"distributor_terms":false,"distributor_media":false,"distributor_original_site_name":"Info Nord","distributor_original_site_url":"https:\/\/infonord.es","push-errors":false,"authors":[{"term_id":75,"user_id":5,"is_guest":0,"slug":"vicentarnau","display_name":"Vicent Arnau Forner","avatar_url":"https:\/\/secure.gravatar.com\/avatar\/b6bbb5d9d4a2f81c9489990a7f05494fa0066b3db023740311cd0a4d00ee56fe?s=96&d=mm&r=g","author_category":"","first_name":"Vicent","last_name":"Arnau Forner","user_url":"","job_title":"","description":""}],"_links":{"self":[{"href":"https:\/\/elcafedepipa.com\/index.php\/wp-json\/wp\/v2\/posts\/28661","targetHints":{"allow":["GET"]}}],"collection":[{"href":"https:\/\/elcafedepipa.com\/index.php\/wp-json\/wp\/v2\/posts"}],"about":[{"href":"https:\/\/elcafedepipa.com\/index.php\/wp-json\/wp\/v2\/types\/post"}],"author":[{"embeddable":true,"href":"https:\/\/elcafedepipa.com\/index.php\/wp-json\/wp\/v2\/users\/5"}],"replies":[{"embeddable":true,"href":"https:\/\/elcafedepipa.com\/index.php\/wp-json\/wp\/v2\/comments?post=28661"}],"version-history":[{"count":1,"href":"https:\/\/elcafedepipa.com\/index.php\/wp-json\/wp\/v2\/posts\/28661\/revisions"}],"predecessor-version":[{"id":28665,"href":"https:\/\/elcafedepipa.com\/index.php\/wp-json\/wp\/v2\/posts\/28661\/revisions\/28665"}],"wp:featuredmedia":[{"embeddable":true,"href":"https:\/\/elcafedepipa.com\/index.php\/wp-json\/wp\/v2\/media\/28662"}],"wp:attachment":[{"href":"https:\/\/elcafedepipa.com\/index.php\/wp-json\/wp\/v2\/media?parent=28661"}],"wp:term":[{"taxonomy":"category","embeddable":true,"href":"https:\/\/elcafedepipa.com\/index.php\/wp-json\/wp\/v2\/categories?post=28661"},{"taxonomy":"post_tag","embeddable":true,"href":"https:\/\/elcafedepipa.com\/index.php\/wp-json\/wp\/v2\/tags?post=28661"},{"taxonomy":"author","embeddable":true,"href":"https:\/\/elcafedepipa.com\/index.php\/wp-json\/wp\/v2\/ppma_author?post=28661"}],"curies":[{"name":"wp","href":"https:\/\/api.w.org\/{rel}","templated":true}]}}