{"id":28658,"date":"2026-09-04T17:37:50","date_gmt":"2026-09-04T15:37:50","guid":{"rendered":"https:\/\/elcafedepipa.com\/?p=28658"},"modified":"2026-09-04T18:00:55","modified_gmt":"2026-09-04T16:00:55","slug":"el-pspv-psoe-exigeix-recuperar-els-200-000-euros-de-cooperacio-internacional-vetats-pel-pp-a-la-diputacio-de-castello","status":"publish","type":"post","link":"https:\/\/elcafedepipa.com\/index.php\/2026\/09\/04\/el-pspv-psoe-exigeix-recuperar-els-200-000-euros-de-cooperacio-internacional-vetats-pel-pp-a-la-diputacio-de-castello\/","title":{"rendered":"El PSPV-PSOE exigeix recuperar els 200.000 euros de cooperaci\u00f3 internacional vetats pel PP a la Diputaci\u00f3 de Castell\u00f3"},"content":{"rendered":"\n<p class=\"wp-block-paragraph\">Des de les files del PSPV-PSOE es mant\u00e9 que \u00abl&#8217;ajuda funciona perqu\u00e8 cadasc\u00fa posa la seua part\u00bb i es fa una crida a mantindre la mateixa solidaritat que la prov\u00edncia de Castell\u00f3 ha rebut des de diversos indrets este estiu a conseq\u00fc\u00e8ncia dels incendis.<\/p>\n\n\n\n<p class=\"wp-block-paragraph\">La iniciativa de la formaci\u00f3 socialista per a assignar novament <strong>200.000 euros<\/strong> a la cooperaci\u00f3 i restablir una via estable destinada a emerg\u00e8ncies humanit\u00e0ries ha sigut rebutjada pel PP, que ha impedit <strong>este dimarts<\/strong> que la Diputaci\u00f3 de Castell\u00f3 recupere estes ajudes internacionals arran dels sismes de Vene\u00e7uela i Col\u00f2mbia, desmuntant aix\u00ed una partida que va suprimir el govern de Marta Barrachina.<\/p>\n\n\n\n<p class=\"wp-block-paragraph\">Davant d&#8217;un drama que afecta dos pa\u00efsos amb estrets lligams a Castell\u00f3, on resideixen milers de ve\u00efns amb familiars i amistats all\u00ed, el diputat socialista a la instituci\u00f3 provincial, Jos\u00e9 Luis L\u00f3pez, ha censurat que \u00abla resposta de Barrachina siga dir que aix\u00f2 no va amb ella\u00bb. En eixa mateixa l\u00ednia, el diputat ha afegit que \u00abLa solidaritat no es demostra amb discursos, sin\u00f3 amb fets i aportant, per poc que siga, per a ajudar. Per\u00f2 la humanitat no va amb el PP i ho han tornat a demostrar una vegada m\u00e9s\u00bb.<\/p>\n\n\n\n<p class=\"wp-block-paragraph\">La moci\u00f3 va sorgir com a resposta als terratr\u00e8mols que van sacsejar Vene\u00e7uela el <strong>24 de juny<\/strong> i Col\u00f2mbia el <strong>10 d&#8217;agost<\/strong>, els quals van provocar milers de v\u00edctimes i persones despla\u00e7ades, aix\u00ed com considerables danys materials. Mitjan\u00e7ant esta iniciativa es demanava reincorporar els <strong>200.000 euros anuals<\/strong> que el passat executiu socialista de la corporaci\u00f3 provincial destinava a projectes de cooperaci\u00f3, un fons que el PP va anar reduint progressivament fins a eliminar-lo del tot en <strong>2025<\/strong>.<\/p>\n\n\n\n<p class=\"wp-block-paragraph\">A causa de l&#8217;obstacle dels populars al debat d&#8217;esta proposta durant la sessi\u00f3 plen\u00e0ria, el grup socialista s&#8217;ha vist obligat a retirar-la. A conseq\u00fc\u00e8ncia d&#8217;aix\u00f2, L\u00f3pez ha lamentat que \u00abposen traves al debat perqu\u00e8 no els agrada escoltar l&#8217;oposici\u00f3, encara que amb aix\u00f2 acaben impedint que la Diputaci\u00f3 responga davant d&#8217;una emerg\u00e8ncia humanit\u00e0ria\u00bb, remarcant aix\u00ed mateix que \u00abEl veto \u00e9s el mecanisme. La decisi\u00f3 pol\u00edtica \u00e9s mantindre la cooperaci\u00f3 a zero\u00bb.<\/p>\n\n\n\n<p class=\"wp-block-paragraph\">D&#8217;altra banda, el diputat socialista ha rebutjat que la dimensi\u00f3 dels desastres s&#8217;utilitze com a argument per a la inacci\u00f3, asseverant que \u00abClar que 200.000 euros no reconstrueixen un pa\u00eds. Per\u00f2 si totes les administracions pensaren com el PP de Castell\u00f3 i decidiren que \u00e9s millor aportar zero euros que una part, encara que siga menuda, l&#8217;ajuda no arribaria a ning\u00fa. Precisament funciona perqu\u00e8 cadasc\u00fa posa la seua part\u00bb.<\/p>\n\n\n\n<p class=\"wp-block-paragraph\">Aix\u00ed mateix, L\u00f3pez ha recordat l&#8217;experi\u00e8ncia recent viscuda al territori castellonenc en assenyalar que \u00abHo acabem de viure amb els incendis de Castell\u00f3. Quan hem necessitat mitjans i recursos, altres comunitats i administracions han vingut a ajudar-nos i tamb\u00e9 hem rebut aportacions per a afrontar els danys. Si nosaltres esperem que els altres sumen quan ens toca patir, tamb\u00e9 hem de ser capa\u00e7os de sumar quan l&#8217;emerg\u00e8ncia afecta unes altres persones\u00bb.<\/p>\n\n\n\n<p class=\"wp-block-paragraph\">Segons la valoraci\u00f3 del portaveu socialista, \u00abels discursos sobre integraci\u00f3, conviv\u00e8ncia i solidaritat perden tota credibilitat quan, davant d&#8217;una emerg\u00e8ncia que afecta tamb\u00e9 fam\u00edlies de Castell\u00f3, la resposta del PP \u00e9s dir-los que s&#8217;apanyen ells sols\u00bb.<\/p>\n","protected":false},"excerpt":{"rendered":"<p>Des de les files del PSPV-PSOE es mant\u00e9 que \u00abl&#8217;ajuda funciona perqu\u00e8 cadasc\u00fa posa la seua part\u00bb i es fa una crida a mantindre la mateixa solidaritat que la prov\u00edncia de Castell\u00f3 ha rebut des de diversos indrets este estiu a conseq\u00fc\u00e8ncia dels incendis. La iniciativa de la formaci\u00f3 socialista per a assignar novament 200.000 &#8230; <a title=\"El PSPV-PSOE exigeix recuperar els 200.000 euros de cooperaci\u00f3 internacional vetats pel PP a la Diputaci\u00f3 de Castell\u00f3\" class=\"read-more\" href=\"https:\/\/elcafedepipa.com\/index.php\/2026\/09\/04\/el-pspv-psoe-exigeix-recuperar-els-200-000-euros-de-cooperacio-internacional-vetats-pel-pp-a-la-diputacio-de-castello\/\" aria-label=\"M\u00e9s informaci\u00f3 sobre El PSPV-PSOE exigeix recuperar els 200.000 euros de cooperaci\u00f3 internacional vetats pel PP a la Diputaci\u00f3 de Castell\u00f3\">Read more<\/a><\/p>\n","protected":false},"author":5,"featured_media":28659,"comment_status":"open","ping_status":"closed","sticky":false,"template":"","format":"standard","meta":{"om_disable_all_campaigns":false,"_monsterinsights_skip_tracking":false,"_uf_show_specific_survey":0,"_uf_disable_surveys":false,"slim_seo":{"title":"El PSPV-PSOE exigeix recuperar els 200.000 euros de cooperaci\u00f3 internacional vetats pel PP a la Diputaci\u00f3 de Castell\u00f3 - El caf\u00e9 de Pipa","description":"Des de les files del PSPV-PSOE es mant\u00e9 que \"l'ajuda funciona perqu\u00e8 cadasc\u00fa posa la seua part\" i es fa una crida a mantindre la mateixa solidaritat que la prov"},"footnotes":""},"categories":[10],"tags":[],"ppma_author":[75],"class_list":["post-28658","post","type-post","status-publish","format-standard","has-post-thumbnail","hentry","category-provinciadecastello"],"distributor_meta":false,"distributor_terms":false,"distributor_media":false,"distributor_original_site_name":"Info Nord","distributor_original_site_url":"https:\/\/infonord.es","push-errors":false,"authors":[{"term_id":75,"user_id":5,"is_guest":0,"slug":"vicentarnau","display_name":"Vicent Arnau Forner","avatar_url":"https:\/\/secure.gravatar.com\/avatar\/b6bbb5d9d4a2f81c9489990a7f05494fa0066b3db023740311cd0a4d00ee56fe?s=96&d=mm&r=g","author_category":"","first_name":"Vicent","last_name":"Arnau Forner","user_url":"","job_title":"","description":""}],"_links":{"self":[{"href":"https:\/\/elcafedepipa.com\/index.php\/wp-json\/wp\/v2\/posts\/28658","targetHints":{"allow":["GET"]}}],"collection":[{"href":"https:\/\/elcafedepipa.com\/index.php\/wp-json\/wp\/v2\/posts"}],"about":[{"href":"https:\/\/elcafedepipa.com\/index.php\/wp-json\/wp\/v2\/types\/post"}],"author":[{"embeddable":true,"href":"https:\/\/elcafedepipa.com\/index.php\/wp-json\/wp\/v2\/users\/5"}],"replies":[{"embeddable":true,"href":"https:\/\/elcafedepipa.com\/index.php\/wp-json\/wp\/v2\/comments?post=28658"}],"version-history":[{"count":1,"href":"https:\/\/elcafedepipa.com\/index.php\/wp-json\/wp\/v2\/posts\/28658\/revisions"}],"predecessor-version":[{"id":28660,"href":"https:\/\/elcafedepipa.com\/index.php\/wp-json\/wp\/v2\/posts\/28658\/revisions\/28660"}],"wp:featuredmedia":[{"embeddable":true,"href":"https:\/\/elcafedepipa.com\/index.php\/wp-json\/wp\/v2\/media\/28659"}],"wp:attachment":[{"href":"https:\/\/elcafedepipa.com\/index.php\/wp-json\/wp\/v2\/media?parent=28658"}],"wp:term":[{"taxonomy":"category","embeddable":true,"href":"https:\/\/elcafedepipa.com\/index.php\/wp-json\/wp\/v2\/categories?post=28658"},{"taxonomy":"post_tag","embeddable":true,"href":"https:\/\/elcafedepipa.com\/index.php\/wp-json\/wp\/v2\/tags?post=28658"},{"taxonomy":"author","embeddable":true,"href":"https:\/\/elcafedepipa.com\/index.php\/wp-json\/wp\/v2\/ppma_author?post=28658"}],"curies":[{"name":"wp","href":"https:\/\/api.w.org\/{rel}","templated":true}]}}