{"id":28651,"date":"2026-09-04T13:21:44","date_gmt":"2026-09-04T11:21:44","guid":{"rendered":"https:\/\/elcafedepipa.com\/?p=28651"},"modified":"2026-09-04T13:21:56","modified_gmt":"2026-09-04T11:21:56","slug":"la-diputacio-reafirma-el-seu-compromis-hidric-amb-la-renovacio-de-part-de-la-xarxa-daigua-potable-de-cati-per-a-assegurar-el-subministrament","status":"publish","type":"post","link":"https:\/\/elcafedepipa.com\/index.php\/2026\/09\/04\/la-diputacio-reafirma-el-seu-compromis-hidric-amb-la-renovacio-de-part-de-la-xarxa-daigua-potable-de-cati-per-a-assegurar-el-subministrament\/","title":{"rendered":"La Diputaci\u00f3 reafirma el seu comprom\u00eds h\u00eddric amb la renovaci\u00f3 de part de la xarxa d&#8217;aigua potable de Cat\u00ed per a assegurar el subministrament"},"content":{"rendered":"\n<p class=\"wp-block-paragraph\">La presidenta de la instituci\u00f3 provincial, Marta Barrachina, ha acudit este divendres al municipi de la comarca de l&#8217;Alt Maestrat per a anunciar un conveni de col\u00b7laboraci\u00f3 amb l&#8217;Ajuntament de Cat\u00ed per import de 200.000 euros.<\/p>\n\n\n\n<p class=\"wp-block-paragraph\">\u201cContinuem demostrant amb fets reals i efectius que esta \u00e9s la legislatura de l&#8217;aigua i per aix\u00f2 reforcem els recursos per garantir recursos b\u00e0sics, com \u00e9s l&#8217;aigua, en el conjunt del territori\u201d, ha subratllat la dirigent provincial qui ha visitat el municipi al costat de l&#8217;alcaldessa, Mar\u00eda del Carmen G\u00e1miz.<\/p>\n\n\n\n<p class=\"wp-block-paragraph\">La presidenta de la Diputaci\u00f3 ha explicat que la renovaci\u00f3 de la xarxa d&#8217;aigua potable en el municipi, donar\u00e0 una soluci\u00f3 als problemes reals dels ve\u00efns de Cat\u00ed, \u201ci amb l&#8217;actuaci\u00f3 que es puga dur a terme s&#8217;aconseguir\u00e0 corregir defici\u00e8ncies de la infraestructura hidr\u00e0ulica local i es veur\u00e0 refor\u00e7ada l&#8217;efici\u00e8ncia del servici\u201d, ha indicat Marta Barrachina, qui ha incidit en qu\u00e8 \u201cles inversions en infraestructures hidr\u00e0uliques poden no veure&#8217;s a simple vista, per\u00f2 s\u00f3n imprescindibles per a assegurar un recurs b\u00e0sic i vital per a tots els ve\u00efns i ve\u00efnes\u201d.<\/p>\n\n\n\n<p class=\"wp-block-paragraph\">L&#8217;actuaci\u00f3 que es podr\u00e0 dur a terme a Cat\u00ed a trav\u00e9s del conveni, s&#8217;emmarca en l&#8217;aposta de la instituci\u00f3 provincial per garantir recursos b\u00e0sics i serveis de qualitat en el conjunt de la prov\u00edncia. Aix\u00ed, amb una inversi\u00f3 de 200.000 euros, es treballar\u00e0 en la renovaci\u00f3 de la canonada d&#8217;aigua potable, al carrer Sant Ana amb la carretera de l\u2019Avell\u00e0, amb la finalitat de reduir possibles p\u00e8rdues, millorar l&#8217;efici\u00e8ncia de la xarxa i optimitzar la gesti\u00f3 dels recursos h\u00eddrics.<\/p>\n\n\n\n<p class=\"wp-block-paragraph\">\u201cDes de la Diputaci\u00f3 de Castell\u00f3 continuarem invertint en mat\u00e8ria d&#8217;aigua perqu\u00e8, cada euro invertit en este recurs vital, \u00e9s apostar pel futur dels nostres pobles i per la qualitat de vida dels qui viuen en ells\u201d, ha concl\u00f2s la presidenta Marta Barrachina.<\/p>\n","protected":false},"excerpt":{"rendered":"<p>La presidenta de la instituci\u00f3 provincial, Marta Barrachina, ha acudit este divendres al municipi de la comarca de l&#8217;Alt Maestrat per a anunciar un conveni de col\u00b7laboraci\u00f3 amb l&#8217;Ajuntament de Cat\u00ed per import de 200.000 euros. \u201cContinuem demostrant amb fets reals i efectius que esta \u00e9s la legislatura de l&#8217;aigua i per aix\u00f2 reforcem els &#8230; <a title=\"La Diputaci\u00f3 reafirma el seu comprom\u00eds h\u00eddric amb la renovaci\u00f3 de part de la xarxa d&#8217;aigua potable de Cat\u00ed per a assegurar el subministrament\" class=\"read-more\" href=\"https:\/\/elcafedepipa.com\/index.php\/2026\/09\/04\/la-diputacio-reafirma-el-seu-compromis-hidric-amb-la-renovacio-de-part-de-la-xarxa-daigua-potable-de-cati-per-a-assegurar-el-subministrament\/\" aria-label=\"M\u00e9s informaci\u00f3 sobre La Diputaci\u00f3 reafirma el seu comprom\u00eds h\u00eddric amb la renovaci\u00f3 de part de la xarxa d&#8217;aigua potable de Cat\u00ed per a assegurar el subministrament\">Read more<\/a><\/p>\n","protected":false},"author":5,"featured_media":28652,"comment_status":"closed","ping_status":"closed","sticky":false,"template":"","format":"standard","meta":{"om_disable_all_campaigns":false,"_monsterinsights_skip_tracking":false,"_uf_show_specific_survey":0,"_uf_disable_surveys":false,"slim_seo":{"title":"La Diputaci\u00f3 reafirma el seu comprom\u00eds h\u00eddric amb la renovaci\u00f3 de part de la xarxa d'aigua potable de Cat\u00ed per a assegurar el subministrament - El caf\u00e9 de Pipa","description":"La presidenta de la instituci\u00f3 provincial, Marta Barrachina, ha acudit este divendres al municipi de la comarca de l'Alt Maestrat per a anunciar un conveni de c"},"footnotes":""},"categories":[1],"tags":[],"ppma_author":[75],"class_list":["post-28651","post","type-post","status-publish","format-standard","has-post-thumbnail","hentry","category-non-classe"],"distributor_meta":false,"distributor_terms":false,"distributor_media":false,"distributor_original_site_name":"El caf\u00e9 de Pipa","distributor_original_site_url":"https:\/\/elcafedepipa.com","push-errors":false,"authors":[{"term_id":75,"user_id":5,"is_guest":0,"slug":"vicentarnau","display_name":"Vicent Arnau Forner","avatar_url":"https:\/\/secure.gravatar.com\/avatar\/b6bbb5d9d4a2f81c9489990a7f05494fa0066b3db023740311cd0a4d00ee56fe?s=96&d=mm&r=g","author_category":"","first_name":"Vicent","last_name":"Arnau Forner","user_url":"","job_title":"","description":""}],"_links":{"self":[{"href":"https:\/\/elcafedepipa.com\/index.php\/wp-json\/wp\/v2\/posts\/28651","targetHints":{"allow":["GET"]}}],"collection":[{"href":"https:\/\/elcafedepipa.com\/index.php\/wp-json\/wp\/v2\/posts"}],"about":[{"href":"https:\/\/elcafedepipa.com\/index.php\/wp-json\/wp\/v2\/types\/post"}],"author":[{"embeddable":true,"href":"https:\/\/elcafedepipa.com\/index.php\/wp-json\/wp\/v2\/users\/5"}],"replies":[{"embeddable":true,"href":"https:\/\/elcafedepipa.com\/index.php\/wp-json\/wp\/v2\/comments?post=28651"}],"version-history":[{"count":1,"href":"https:\/\/elcafedepipa.com\/index.php\/wp-json\/wp\/v2\/posts\/28651\/revisions"}],"predecessor-version":[{"id":28653,"href":"https:\/\/elcafedepipa.com\/index.php\/wp-json\/wp\/v2\/posts\/28651\/revisions\/28653"}],"wp:featuredmedia":[{"embeddable":true,"href":"https:\/\/elcafedepipa.com\/index.php\/wp-json\/wp\/v2\/media\/28652"}],"wp:attachment":[{"href":"https:\/\/elcafedepipa.com\/index.php\/wp-json\/wp\/v2\/media?parent=28651"}],"wp:term":[{"taxonomy":"category","embeddable":true,"href":"https:\/\/elcafedepipa.com\/index.php\/wp-json\/wp\/v2\/categories?post=28651"},{"taxonomy":"post_tag","embeddable":true,"href":"https:\/\/elcafedepipa.com\/index.php\/wp-json\/wp\/v2\/tags?post=28651"},{"taxonomy":"author","embeddable":true,"href":"https:\/\/elcafedepipa.com\/index.php\/wp-json\/wp\/v2\/ppma_author?post=28651"}],"curies":[{"name":"wp","href":"https:\/\/api.w.org\/{rel}","templated":true}]}}