{"id":28644,"date":"2026-09-04T13:17:04","date_gmt":"2026-09-04T11:17:04","guid":{"rendered":"https:\/\/elcafedepipa.com\/?p=28644"},"modified":"2026-09-04T13:17:25","modified_gmt":"2026-09-04T11:17:25","slug":"moncofa-prolonga-lestiu-amb-una-amplia-programacio-cultural-familiar-i-gastronomica-durant-el-mes-de-setembre","status":"publish","type":"post","link":"https:\/\/elcafedepipa.com\/index.php\/2026\/09\/04\/moncofa-prolonga-lestiu-amb-una-amplia-programacio-cultural-familiar-i-gastronomica-durant-el-mes-de-setembre\/","title":{"rendered":"Moncofa prolonga l\u2019estiu amb una \u00e0mplia programaci\u00f3 cultural, familiar i gastron\u00f2mica durant el mes de setembre"},"content":{"rendered":"\n<p class=\"wp-block-paragraph\">L&#8217;Ajuntament de Moncofa prolonga durant el mes de setembre la programaci\u00f3 estival amb una agenda que reuneix gastronomia, cultura, esport, activitats familiars i tradicions. Sota el lema \u00abEn setembre continua l\u2019estiu a Moncofa\u00bb, l&#8217;activitat es mantindr\u00e0 fins al dia 20 amb iniciatives dirigides tant a ve\u00efns i ve\u00efnes com a qui continua gaudint de la localitat despr\u00e9s dels mesos centrals de l&#8217;estiu.<\/p>\n\n\n\n<p class=\"wp-block-paragraph\">&nbsp;La regidora de Cultura i Turisme, Ilenia Begnozzi, ha destacat que \u201csetembre \u00e9s un mes que permet continuar disfrutant de Moncofa, dels seus espais p\u00fablics, de la platja i d&#8217;una programaci\u00f3 variada pensada per a p\u00fablics de totes les edats\u201d. \u201cVolem que l&#8217;activitat no es concentre \u00fanicament al juliol i l\u2019agost i oferir motius per a continuar visitant Moncofa, disfrutar de la nostra gastronomia i participar en les propostes culturals i familiars\u201d, ha afegit.<\/p>\n\n\n\n<p class=\"wp-block-paragraph\">&nbsp;Un dels principals atractius s\u00f3n les X Jornades Gastron\u00f2miques de l&#8217;Arr\u00f2s i la Paella, que es desenvolupen del 28 d&#8217;agost al 13 de setembre. La iniciativa arriba a la desena edici\u00f3 consolidada com un aparador de la cuina local i com una oportunitat per a con\u00e9ixer la varietat d&#8217;arrossos de la restauraci\u00f3 local.<\/p>\n\n\n\n<p class=\"wp-block-paragraph\">&nbsp;La programaci\u00f3 cultural inclou diferents exposicions en les sales Maria Sorolla i Pleamar. La primera acull fins al 13 de setembre una mostra de Griselda Fern\u00e1ndez, Jes\u00fas Navarro i Iban Navarro. Per la seua banda, la sala Pleamar reuneix durant aquest mes les propostes d&#8217;Inma Escrich i Dolores Delgado, aix\u00ed com les exposicions de cer\u00e0mica art\u00edstica de Mariv\u00ed Orosia i 13 Rue de l&#8217;Ermita.<\/p>\n\n\n\n<p class=\"wp-block-paragraph\">&nbsp;El calendari comen\u00e7ar\u00e0 el 4 de setembre amb una jornada de donaci\u00f3 de sang en l&#8217;edifici polifuncional. L&#8217;endem\u00e0 se celebrar\u00e0 un contacontes infantil a la pla\u00e7a Na Violant d\u2019Hongria, mentres que el dia 6 tindr\u00e0 lloc una vesprada infantil amb bou mec\u00e0nic, pal boig, castells unflables, futbol\u00ed, pintacares i m\u00fasica.<\/p>\n\n\n\n<p class=\"wp-block-paragraph\">&nbsp;A aquestes activitats se sumar\u00e0 el passeig interpretatiu medieval del 9 de setembre, que partir\u00e0 des de l&#8217;ermita de Santa Maria Magdalena per a descobrir el passat de la poblaci\u00f3. La cultura popular estar\u00e0 present el dia 12 amb la VII Trobada de Gegants i Cabuts, una edici\u00f3 especial que comptar\u00e0 amb la participaci\u00f3 del Bestiari de Botafocs de Castell\u00f3 i tindr\u00e0 com a punt de trobada la pla\u00e7a Ruiz Picasso. L&#8217;endem\u00e0, el Grup de Danses Biniesma organitzar\u00e0 al polifuncional l&#8217;actuaci\u00f3 de Tia Visantica.<\/p>\n\n\n\n<p class=\"wp-block-paragraph\">&nbsp;La programaci\u00f3 continuar\u00e0 el 19 de setembre amb la XVII edici\u00f3 del Dol\u00e7 Festival, que comptar\u00e0 amb la participaci\u00f3 de la Colla de Dol\u00e7ainers i Tabals El Senill de Torreblanca. El calendari es tancar\u00e0 el dia 20 amb la Mitja Marat\u00f3 de Moncofa, l&#8217;eixida de la qual estar\u00e0 situada a la pla\u00e7a de la Constituci\u00f3, i una nova vesprada infantil amb bou mec\u00e0nic, pal boig, castells unflables, futbol\u00ed, pintacares i m\u00fasica.<\/p>\n\n\n\n<p class=\"wp-block-paragraph\">&nbsp;La regidora ha agra\u00eft \u201cla implicaci\u00f3 de les associacions, col\u00b7lectius i persones que col\u00b7laboren amb l&#8217;Ajuntament per a oferir una agenda diversa i mantindre el dinamisme del municipi m\u00e9s enll\u00e0 de la temporada alta\u201d.<\/p>\n","protected":false},"excerpt":{"rendered":"<p>L&#8217;Ajuntament de Moncofa prolonga durant el mes de setembre la programaci\u00f3 estival amb una agenda que reuneix gastronomia, cultura, esport, activitats familiars i tradicions. Sota el lema \u00abEn setembre continua l\u2019estiu a Moncofa\u00bb, l&#8217;activitat es mantindr\u00e0 fins al dia 20 amb iniciatives dirigides tant a ve\u00efns i ve\u00efnes com a qui continua gaudint de la &#8230; <a title=\"Moncofa prolonga l\u2019estiu amb una \u00e0mplia programaci\u00f3 cultural, familiar i gastron\u00f2mica durant el mes de setembre\" class=\"read-more\" href=\"https:\/\/elcafedepipa.com\/index.php\/2026\/09\/04\/moncofa-prolonga-lestiu-amb-una-amplia-programacio-cultural-familiar-i-gastronomica-durant-el-mes-de-setembre\/\" aria-label=\"M\u00e9s informaci\u00f3 sobre Moncofa prolonga l\u2019estiu amb una \u00e0mplia programaci\u00f3 cultural, familiar i gastron\u00f2mica durant el mes de setembre\">Read more<\/a><\/p>\n","protected":false},"author":5,"featured_media":28645,"comment_status":"closed","ping_status":"closed","sticky":false,"template":"","format":"standard","meta":{"om_disable_all_campaigns":false,"_monsterinsights_skip_tracking":false,"_uf_show_specific_survey":0,"_uf_disable_surveys":false,"slim_seo":{"title":"Moncofa prolonga l\u2019estiu amb una \u00e0mplia programaci\u00f3 cultural, familiar i gastron\u00f2mica durant el mes de setembre - El caf\u00e9 de Pipa","description":"L'Ajuntament de Moncofa prolonga durant el mes de setembre la programaci\u00f3 estival amb una agenda que reuneix gastronomia, cultura, esport, activitats familiars"},"footnotes":""},"categories":[1],"tags":[],"ppma_author":[75],"class_list":["post-28644","post","type-post","status-publish","format-standard","has-post-thumbnail","hentry","category-non-classe"],"distributor_meta":false,"distributor_terms":false,"distributor_media":false,"distributor_original_site_name":"El caf\u00e9 de Pipa","distributor_original_site_url":"https:\/\/elcafedepipa.com","push-errors":false,"authors":[{"term_id":75,"user_id":5,"is_guest":0,"slug":"vicentarnau","display_name":"Vicent Arnau Forner","avatar_url":"https:\/\/secure.gravatar.com\/avatar\/b6bbb5d9d4a2f81c9489990a7f05494fa0066b3db023740311cd0a4d00ee56fe?s=96&d=mm&r=g","author_category":"","first_name":"Vicent","last_name":"Arnau Forner","user_url":"","job_title":"","description":""}],"_links":{"self":[{"href":"https:\/\/elcafedepipa.com\/index.php\/wp-json\/wp\/v2\/posts\/28644","targetHints":{"allow":["GET"]}}],"collection":[{"href":"https:\/\/elcafedepipa.com\/index.php\/wp-json\/wp\/v2\/posts"}],"about":[{"href":"https:\/\/elcafedepipa.com\/index.php\/wp-json\/wp\/v2\/types\/post"}],"author":[{"embeddable":true,"href":"https:\/\/elcafedepipa.com\/index.php\/wp-json\/wp\/v2\/users\/5"}],"replies":[{"embeddable":true,"href":"https:\/\/elcafedepipa.com\/index.php\/wp-json\/wp\/v2\/comments?post=28644"}],"version-history":[{"count":1,"href":"https:\/\/elcafedepipa.com\/index.php\/wp-json\/wp\/v2\/posts\/28644\/revisions"}],"predecessor-version":[{"id":28646,"href":"https:\/\/elcafedepipa.com\/index.php\/wp-json\/wp\/v2\/posts\/28644\/revisions\/28646"}],"wp:featuredmedia":[{"embeddable":true,"href":"https:\/\/elcafedepipa.com\/index.php\/wp-json\/wp\/v2\/media\/28645"}],"wp:attachment":[{"href":"https:\/\/elcafedepipa.com\/index.php\/wp-json\/wp\/v2\/media?parent=28644"}],"wp:term":[{"taxonomy":"category","embeddable":true,"href":"https:\/\/elcafedepipa.com\/index.php\/wp-json\/wp\/v2\/categories?post=28644"},{"taxonomy":"post_tag","embeddable":true,"href":"https:\/\/elcafedepipa.com\/index.php\/wp-json\/wp\/v2\/tags?post=28644"},{"taxonomy":"author","embeddable":true,"href":"https:\/\/elcafedepipa.com\/index.php\/wp-json\/wp\/v2\/ppma_author?post=28644"}],"curies":[{"name":"wp","href":"https:\/\/api.w.org\/{rel}","templated":true}]}}