{"id":28625,"date":"2026-09-04T11:59:54","date_gmt":"2026-09-04T09:59:54","guid":{"rendered":"https:\/\/elcafedepipa.com\/?p=28625"},"modified":"2026-09-04T12:00:05","modified_gmt":"2026-09-04T10:00:05","slug":"lajuntament-de-nules-renova-de-manera-integral-el-web-del-museu-de-medallistica-enrique-giner","status":"publish","type":"post","link":"https:\/\/elcafedepipa.com\/index.php\/2026\/09\/04\/lajuntament-de-nules-renova-de-manera-integral-el-web-del-museu-de-medallistica-enrique-giner\/","title":{"rendered":"L&#8217;Ajuntament de Nules renova de manera integral el web del Museu de Medall\u00edstica Enrique Giner"},"content":{"rendered":"\n<ul class=\"wp-block-list\">\n<li><strong>La ciutat de Nules ha transformat per complet la p\u00e0gina web oficial del Museu de Medall\u00edstica Enrique Giner<\/strong><\/li>\n<\/ul>\n\n\n\n<ul class=\"wp-block-list\">\n<li><strong>Nou espai de contactes a www.museuenriqueginer.org per a gestionar visites<\/strong><\/li>\n<\/ul>\n\n\n\n<p class=\"wp-block-paragraph\">El comprom\u00eds amb la difusi\u00f3 i la conservaci\u00f3 del patrimoni i la cultura local continua per part de l&#8217;Ajuntament de Nules. La darrera mesura que s&#8217;ha presentat \u00e9s la reforma completa del portal d&#8217;internet del Museu de Medall\u00edstica Enrique Giner, l&#8217;\u00fanic centre de tot l&#8217;Estat dedicat en exclusiva a l&#8217;art de la medalla, amb un fons que va des del <strong>segle XV<\/strong> fins a <strong>l&#8217;\u00e8poca actual<\/strong>.<\/p>\n\n\n\n<p class=\"wp-block-paragraph\">Mitjan\u00e7ant la direcci\u00f3 <strong>www.museoenriqueginer.org<\/strong>, el p\u00fablic disposa d&#8217;un disseny m\u00e9s \u00e0gil i clar estructurat en <strong>sis seccions<\/strong>: la p\u00e0gina d&#8217;inici, l&#8217;\u00e0rea del museu amb informaci\u00f3 detallada de les instal\u00b7lacions i les seues exposicions, un rep\u00e0s a la traject\u00f2ria de l&#8217;immoble i de la instituci\u00f3, la biografia d&#8217;un dels autors m\u00e9s destacats de l&#8217;art medall\u00edstic contemporani d&#8217;\u00e0mbit estatal i que dona nom al centre, Enrique Giner Canet, una zona de contacte per a reservar visites i un apartat informatiu de not\u00edcies que s&#8217;anir\u00e0 actualitzant cont\u00ednuament.<\/p>\n\n\n\n<p class=\"wp-block-paragraph\">Al llarg dels darrers anys, la regidoria de Museus del consistori ha impulsat diferents iniciatives per a promoure este espai a escala nacional. Entre estes accions recents trobem la instal\u00b7laci\u00f3 de panells il\u00b7luminats a l&#8217;interior per a crear un fil narratiu i millorar l&#8217;experi\u00e8ncia del p\u00fablic, l&#8217;edici\u00f3 d&#8217;un llibre que recull part del seu fons, la pintura del per\u00edmetre exterior i la compra de parcel\u00b7les pr\u00f2ximes per a dur a terme en el futur una ampliaci\u00f3 de l&#8217;edifici.<\/p>\n\n\n\n<p class=\"wp-block-paragraph\">Obert des del <strong>10 de juny de 1995<\/strong>, el Museu de Medall\u00edstica Enrique Giner registra actualment <strong>m\u00e9s de 600 visitants cada any<\/strong>, una xifra que des de la corporaci\u00f3 municipal s&#8217;espera augmentar en els pr\u00f2xims exercicis. Segons indica el responsable de la regidoria de Museus, Guillermo Latorre, \u201cen pocs mesos donarem a con\u00e9ixer dos iniciatives m\u00e9s per al museu que esperem redunde a donar a con\u00e9ixer una de les nostres joies culturals i patrimonials com \u00e9s aquest meravell\u00f3s museu\u201d.<\/p>\n\n\n\n<figure class=\"wp-block-image size-large\"><img fetchpriority=\"high\" decoding=\"async\" width=\"1024\" height=\"584\" src=\"https:\/\/elcafedepipa.com\/wp-content\/uploads\/2026\/09\/Foto-2-1024x584.png\" alt=\"Foto\" class=\"wp-image-28628\" srcset=\"https:\/\/elcafedepipa.com\/wp-content\/uploads\/2026\/09\/Foto-2-1024x584.png 1024w, https:\/\/elcafedepipa.com\/wp-content\/uploads\/2026\/09\/Foto-2-300x171.png 300w, https:\/\/elcafedepipa.com\/wp-content\/uploads\/2026\/09\/Foto-2-768x438.png 768w, https:\/\/elcafedepipa.com\/wp-content\/uploads\/2026\/09\/Foto-2.png 1341w\" sizes=\"(max-width: 1024px) 100vw, 1024px\" \/><\/figure>\n\n\n\n<figure class=\"wp-block-image size-large\"><img decoding=\"async\" width=\"1024\" height=\"683\" src=\"https:\/\/elcafedepipa.com\/wp-content\/uploads\/2026\/09\/IMG_4806-1024x683.jpg\" alt=\"IMG\" class=\"wp-image-28629\" srcset=\"https:\/\/elcafedepipa.com\/wp-content\/uploads\/2026\/09\/IMG_4806-1024x683.jpg 1024w, https:\/\/elcafedepipa.com\/wp-content\/uploads\/2026\/09\/IMG_4806-300x200.jpg 300w, https:\/\/elcafedepipa.com\/wp-content\/uploads\/2026\/09\/IMG_4806-768x512.jpg 768w, https:\/\/elcafedepipa.com\/wp-content\/uploads\/2026\/09\/IMG_4806-1536x1024.jpg 1536w, https:\/\/elcafedepipa.com\/wp-content\/uploads\/2026\/09\/IMG_4806-2048x1365.jpg 2048w\" sizes=\"(max-width: 1024px) 100vw, 1024px\" \/><\/figure>\n","protected":false},"excerpt":{"rendered":"<p>El comprom\u00eds amb la difusi\u00f3 i la conservaci\u00f3 del patrimoni i la cultura local continua per part de l&#8217;Ajuntament de Nules. La darrera mesura que s&#8217;ha presentat \u00e9s la reforma completa del portal d&#8217;internet del Museu de Medall\u00edstica Enrique Giner, l&#8217;\u00fanic centre de tot l&#8217;Estat dedicat en exclusiva a l&#8217;art de la medalla, amb un &#8230; <a title=\"L&#8217;Ajuntament de Nules renova de manera integral el web del Museu de Medall\u00edstica Enrique Giner\" class=\"read-more\" href=\"https:\/\/elcafedepipa.com\/index.php\/2026\/09\/04\/lajuntament-de-nules-renova-de-manera-integral-el-web-del-museu-de-medallistica-enrique-giner\/\" aria-label=\"M\u00e9s informaci\u00f3 sobre L&#8217;Ajuntament de Nules renova de manera integral el web del Museu de Medall\u00edstica Enrique Giner\">Read more<\/a><\/p>\n","protected":false},"author":5,"featured_media":28626,"comment_status":"open","ping_status":"closed","sticky":false,"template":"","format":"standard","meta":{"om_disable_all_campaigns":false,"_monsterinsights_skip_tracking":false,"_uf_show_specific_survey":0,"_uf_disable_surveys":false,"slim_seo":{"title":"L'Ajuntament de Nules renova de manera integral el web del Museu de Medall\u00edstica Enrique Giner - El caf\u00e9 de Pipa","description":"El comprom\u00eds amb la difusi\u00f3 i la conservaci\u00f3 del patrimoni i la cultura local continua per part de l'Ajuntament de Nules. La darrera mesura que s'ha presentat \u00e9"},"footnotes":""},"categories":[1],"tags":[],"ppma_author":[75],"class_list":["post-28625","post","type-post","status-publish","format-standard","has-post-thumbnail","hentry","category-non-classe"],"distributor_meta":false,"distributor_terms":false,"distributor_media":false,"distributor_original_site_name":"El caf\u00e9 de Pipa","distributor_original_site_url":"https:\/\/elcafedepipa.com","push-errors":false,"authors":[{"term_id":75,"user_id":5,"is_guest":0,"slug":"vicentarnau","display_name":"Vicent Arnau Forner","avatar_url":"https:\/\/secure.gravatar.com\/avatar\/b6bbb5d9d4a2f81c9489990a7f05494fa0066b3db023740311cd0a4d00ee56fe?s=96&d=mm&r=g","author_category":"","first_name":"Vicent","last_name":"Arnau Forner","user_url":"","job_title":"","description":""}],"_links":{"self":[{"href":"https:\/\/elcafedepipa.com\/index.php\/wp-json\/wp\/v2\/posts\/28625","targetHints":{"allow":["GET"]}}],"collection":[{"href":"https:\/\/elcafedepipa.com\/index.php\/wp-json\/wp\/v2\/posts"}],"about":[{"href":"https:\/\/elcafedepipa.com\/index.php\/wp-json\/wp\/v2\/types\/post"}],"author":[{"embeddable":true,"href":"https:\/\/elcafedepipa.com\/index.php\/wp-json\/wp\/v2\/users\/5"}],"replies":[{"embeddable":true,"href":"https:\/\/elcafedepipa.com\/index.php\/wp-json\/wp\/v2\/comments?post=28625"}],"version-history":[{"count":1,"href":"https:\/\/elcafedepipa.com\/index.php\/wp-json\/wp\/v2\/posts\/28625\/revisions"}],"predecessor-version":[{"id":28630,"href":"https:\/\/elcafedepipa.com\/index.php\/wp-json\/wp\/v2\/posts\/28625\/revisions\/28630"}],"wp:featuredmedia":[{"embeddable":true,"href":"https:\/\/elcafedepipa.com\/index.php\/wp-json\/wp\/v2\/media\/28626"}],"wp:attachment":[{"href":"https:\/\/elcafedepipa.com\/index.php\/wp-json\/wp\/v2\/media?parent=28625"}],"wp:term":[{"taxonomy":"category","embeddable":true,"href":"https:\/\/elcafedepipa.com\/index.php\/wp-json\/wp\/v2\/categories?post=28625"},{"taxonomy":"post_tag","embeddable":true,"href":"https:\/\/elcafedepipa.com\/index.php\/wp-json\/wp\/v2\/tags?post=28625"},{"taxonomy":"author","embeddable":true,"href":"https:\/\/elcafedepipa.com\/index.php\/wp-json\/wp\/v2\/ppma_author?post=28625"}],"curies":[{"name":"wp","href":"https:\/\/api.w.org\/{rel}","templated":true}]}}