{"id":28620,"date":"2026-09-04T11:52:29","date_gmt":"2026-09-04T09:52:29","guid":{"rendered":"https:\/\/elcafedepipa.com\/?p=28620"},"modified":"2026-09-04T11:52:42","modified_gmt":"2026-09-04T09:52:42","slug":"lajuntament-presenta-una-nova-edicio-de-la-universitat-popular-amb-lobjectiu-de-superar-els-mes-de-1-250-participants-del-curs-passat-i-mes-de-40-activitats-programades","status":"publish","type":"post","link":"https:\/\/elcafedepipa.com\/index.php\/2026\/09\/04\/lajuntament-presenta-una-nova-edicio-de-la-universitat-popular-amb-lobjectiu-de-superar-els-mes-de-1-250-participants-del-curs-passat-i-mes-de-40-activitats-programades\/","title":{"rendered":"L\u2019Ajuntament presenta una nova edici\u00f3 de la Universitat Popular amb l\u2019objectiu de superar els m\u00e9s de 1.250 participants del curs passat i m\u00e9s de 40 activitats programades"},"content":{"rendered":"\n<p class=\"wp-block-paragraph\"><\/p>\n\n\n\n<ul class=\"wp-block-list\">\n<li><strong>El regidor de Serveis Socials, Jorge Marqu\u00e9s destaca que la Universitat Popular \u00ab\u00e9s un espai de trobada i conviv\u00e8ncia entre persones de diferents edats i cultures\u00bb<\/strong><\/li>\n<\/ul>\n\n\n\n<p class=\"wp-block-paragraph\"><strong>04\/09\/2026<\/strong><br>La Universitat Popular de la Vall d\u2019Uix\u00f3 inicia un nou curs amb una oferta renovada de tallers i activitats dirigides a persones majors de 16 anys. La preinscripci\u00f3 es podr\u00e0 realitzar del 9 al 15 de setembre al Centre Social Les Llimeres, d\u201911.00 a 14.00 hores.<\/p>\n\n\n\n<p class=\"wp-block-paragraph\">El regidor de Serveis Socials, Jorge Marqu\u00e9s, ha destacat que \u00abla Universitat Popular \u00e9s molt m\u00e9s que una oferta de cursos: \u00e9s un espai de trobada, de participaci\u00f3 i de conviv\u00e8ncia entre persones de diferents edats, cultures i experi\u00e8ncies\u00bb. En aquest sentit, ha remarcat el seu \u00abefecte comunitari i intergeneracional\u00bb i la capacitat d\u2019aquest projecte per \u00abno deixar a ning\u00fa enrere i afavorir l\u2019aprenentatge al llarg de tota la vida\u00bb.<\/p>\n\n\n\n<p class=\"wp-block-paragraph\">Durant el curs passat, la Universitat Popular va assolir 1.250 persones participants, 400 m\u00e9s que l\u2019any anterior. La programaci\u00f3 va incloure noves propostes com pensament filos\u00f2fic, guitarra, dol\u00e7aina i tabal, junt amb activitats ja consolidades.<\/p>\n\n\n\n<p class=\"wp-block-paragraph\">Per a aquest curs, l\u2019oferta s\u2019organitza en quatre grans \u00e0mbits: Aprenentatge i Formaci\u00f3, Art i Creaci\u00f3, Benestar i Cura, i Ball i M\u00fasica. Entre les novetats destaquen les activitats dirigides a les fam\u00edlies, els tallers relacionats amb la crian\u00e7a i les relacions personals, cursos de nutrici\u00f3 i benestar f\u00edsic i activitats de prevenci\u00f3 d\u2019accidents en la llar per a persones majors.<\/p>\n\n\n\n<p class=\"wp-block-paragraph\">\u00abVolem que la Universitat Popular continue sent un projecte obert a tota la ciutadania i que cada persona puga trobar un espai on aprendre, relacionar-se i desenvolupar les seues inquietuds\u00bb, ha assenyalat Marqu\u00e9s.<\/p>\n\n\n\n<p class=\"wp-block-paragraph\">La preinscripci\u00f3 ser\u00e0 del 9 al 15 de setembre al Centre Social Les Llimeres. El sorteig de places es realitzar\u00e0 el 16 de setembre a les 11.00 hores i les llistes es publicaran el 23 de setembre.<\/p>\n\n\n\n<p class=\"wp-block-paragraph\">La programaci\u00f3 es desenvolupa en coordinaci\u00f3 amb el Centre de Formaci\u00f3 de Persones Adultes Jordi de Sant Jordi (EPA), que oferir\u00e0 cursos per a l\u2019obtenci\u00f3 del Graduat en Educaci\u00f3 Secund\u00e0ria, acc\u00e9s a cicles formatius i universitat, aix\u00ed com formaci\u00f3 en valenci\u00e0, castell\u00e0 per a persones estrangeres, angl\u00e9s, compet\u00e8ncia digital, educaci\u00f3 emocional i mem\u00f2ria.<\/p>\n\n\n\n<p class=\"wp-block-paragraph\">La directora de l\u2019EPA, Azucena Badenes, ha assenyalat que \u00abla nostra proposta formativa pret\u00e9n completar l\u2019oferta de la Universitat Popular\u00bb i ha destacat especialment la formaci\u00f3 digital, amb cursos pensats per donar resposta a les necessitats quotidianes de la ciutadania.<\/p>\n\n\n\n<p class=\"wp-block-paragraph\">La matr\u00edcula de l\u2019EPA comen\u00e7ar\u00e0 el 7 de setembre i estar\u00e0 oberta fins al 30 de novembre.<\/p>\n","protected":false},"excerpt":{"rendered":"<p>04\/09\/2026La Universitat Popular de la Vall d\u2019Uix\u00f3 inicia un nou curs amb una oferta renovada de tallers i activitats dirigides a persones majors de 16 anys. La preinscripci\u00f3 es podr\u00e0 realitzar del 9 al 15 de setembre al Centre Social Les Llimeres, d\u201911.00 a 14.00 hores. El regidor de Serveis Socials, Jorge Marqu\u00e9s, ha destacat &#8230; <a title=\"L\u2019Ajuntament presenta una nova edici\u00f3 de la Universitat Popular amb l\u2019objectiu de superar els m\u00e9s de 1.250 participants del curs passat i m\u00e9s de 40 activitats programades\" class=\"read-more\" href=\"https:\/\/elcafedepipa.com\/index.php\/2026\/09\/04\/lajuntament-presenta-una-nova-edicio-de-la-universitat-popular-amb-lobjectiu-de-superar-els-mes-de-1-250-participants-del-curs-passat-i-mes-de-40-activitats-programades\/\" aria-label=\"M\u00e9s informaci\u00f3 sobre L\u2019Ajuntament presenta una nova edici\u00f3 de la Universitat Popular amb l\u2019objectiu de superar els m\u00e9s de 1.250 participants del curs passat i m\u00e9s de 40 activitats programades\">Read more<\/a><\/p>\n","protected":false},"author":2,"featured_media":28621,"comment_status":"open","ping_status":"closed","sticky":false,"template":"","format":"standard","meta":{"om_disable_all_campaigns":false,"_monsterinsights_skip_tracking":false,"_uf_show_specific_survey":0,"_uf_disable_surveys":false,"slim_seo":{"title":"L\u2019Ajuntament presenta una nova edici\u00f3 de la Universitat Popular amb l\u2019objectiu de superar els m\u00e9s de 1.250 participants del curs passat i m\u00e9s de 40 activitats programades - El caf\u00e9 de Pipa","description":"04\/09\/2026 La Universitat Popular de la Vall d\u2019Uix\u00f3 inicia un nou curs amb una oferta renovada de tallers i activitats dirigides a persones majors de 16 anys. L"},"footnotes":""},"categories":[2],"tags":[],"ppma_author":[59],"class_list":["post-28620","post","type-post","status-publish","format-standard","has-post-thumbnail","hentry","category-lavallduixo"],"distributor_meta":false,"distributor_terms":false,"distributor_media":false,"distributor_original_site_name":"El caf\u00e9 de Pipa","distributor_original_site_url":"https:\/\/elcafedepipa.com","push-errors":false,"authors":[{"term_id":59,"user_id":0,"is_guest":1,"slug":"la-vall-duixo","display_name":"la Vall d\u2019Uix\u00f3","avatar_url":"https:\/\/secure.gravatar.com\/avatar\/?s=96&d=mm&r=g","author_category":"","first_name":"","last_name":"","user_url":"","job_title":"","description":""}],"_links":{"self":[{"href":"https:\/\/elcafedepipa.com\/index.php\/wp-json\/wp\/v2\/posts\/28620","targetHints":{"allow":["GET"]}}],"collection":[{"href":"https:\/\/elcafedepipa.com\/index.php\/wp-json\/wp\/v2\/posts"}],"about":[{"href":"https:\/\/elcafedepipa.com\/index.php\/wp-json\/wp\/v2\/types\/post"}],"author":[{"embeddable":true,"href":"https:\/\/elcafedepipa.com\/index.php\/wp-json\/wp\/v2\/users\/2"}],"replies":[{"embeddable":true,"href":"https:\/\/elcafedepipa.com\/index.php\/wp-json\/wp\/v2\/comments?post=28620"}],"version-history":[{"count":1,"href":"https:\/\/elcafedepipa.com\/index.php\/wp-json\/wp\/v2\/posts\/28620\/revisions"}],"predecessor-version":[{"id":28623,"href":"https:\/\/elcafedepipa.com\/index.php\/wp-json\/wp\/v2\/posts\/28620\/revisions\/28623"}],"wp:featuredmedia":[{"embeddable":true,"href":"https:\/\/elcafedepipa.com\/index.php\/wp-json\/wp\/v2\/media\/28621"}],"wp:attachment":[{"href":"https:\/\/elcafedepipa.com\/index.php\/wp-json\/wp\/v2\/media?parent=28620"}],"wp:term":[{"taxonomy":"category","embeddable":true,"href":"https:\/\/elcafedepipa.com\/index.php\/wp-json\/wp\/v2\/categories?post=28620"},{"taxonomy":"post_tag","embeddable":true,"href":"https:\/\/elcafedepipa.com\/index.php\/wp-json\/wp\/v2\/tags?post=28620"},{"taxonomy":"author","embeddable":true,"href":"https:\/\/elcafedepipa.com\/index.php\/wp-json\/wp\/v2\/ppma_author?post=28620"}],"curies":[{"name":"wp","href":"https:\/\/api.w.org\/{rel}","templated":true}]}}