{"id":28617,"date":"2026-09-04T11:35:45","date_gmt":"2026-09-04T09:35:45","guid":{"rendered":"https:\/\/elcafedepipa.com\/?p=28617"},"modified":"2026-09-04T11:35:45","modified_gmt":"2026-09-04T09:35:45","slug":"la-guardia-civil-dete-un-home-i-ninvestiga-una-dona-per-amenaces-greus-i-lesions-a-viver","status":"publish","type":"post","link":"https:\/\/elcafedepipa.com\/index.php\/2026\/09\/04\/la-guardia-civil-dete-un-home-i-ninvestiga-una-dona-per-amenaces-greus-i-lesions-a-viver\/","title":{"rendered":"La Gu\u00e0rdia Civil det\u00e9 un home i n\u2019investiga una dona per amenaces greus i lesions a Viver"},"content":{"rendered":"\n<p class=\"wp-block-paragraph\"><\/p>\n\n\n\n<p class=\"wp-block-paragraph\"><strong>\u2022 <em>Els fets van tindre lloc durant una discom\u00f2bil i van acabar amb una agressi\u00f3 m\u00faltiple i l&#8217;\u00fas d&#8217;una arma simulada.<\/em><\/strong><\/p>\n\n\n\n<p class=\"wp-block-paragraph\"><strong>\u2022 <em>Els agents han aconseguit intervindre la pistola de foguejament utilitzada per a encanonar una de les v\u00edctimes.<\/em><\/strong><\/p>\n\n\n\n<p class=\"wp-block-paragraph\"><strong>Castell\u00f3, 4 de setembre de 2026.<\/strong> La Gu\u00e0rdia Civil ha detingut un home de 29 anys i n&#8217;investiga una dona de 26 com a presumptes autors dels delictes d&#8217;amenaces greus i lesions, arran dels incidents ocorreguts a la localitat de Viver, a la comarca de l&#8217;Alt Pal\u00e0ncia.<\/p>\n\n\n\n<p class=\"wp-block-paragraph\">La investigaci\u00f3 es va iniciar la matinada del passat 15 d&#8217;agost en el marc d&#8217;una discom\u00f2bil instal\u00b7lada al municipi. Segons fonts policials, es va produir una discussi\u00f3 inicial entre dues dones que posteriorment va derivar en una agressi\u00f3 m\u00faltiple. La situaci\u00f3 es va agreujar poc despr\u00e9s als voltants del domicili d&#8217;una de les implicades, on es van despla\u00e7ar diversos familiars.<\/p>\n\n\n\n<p class=\"wp-block-paragraph\">En eixe punt va fer acte de pres\u00e8ncia un home que, despr\u00e9s de mantindre una forta discussi\u00f3 amb els familiars d&#8217;una de les dones agredides, presumptament va traure una pistola i va encanonar directament a un dels presents durant diversos segons. Una patrulla de la Gu\u00e0rdia Civil es va personar r\u00e0pidament al lloc dels fets i va localitzar l&#8217;arma, que havia sigut llan\u00e7ada a la via p\u00fablica.<\/p>\n\n\n\n<p class=\"wp-block-paragraph\">Gr\u00e0cies a les indagacions i gestions dutes a terme pels especialistes de la Policia Judicial, s&#8217;ha pogut aclarir la implicaci\u00f3 de cadascuna de les parts. Com a resultat, s&#8217;ha procedit a la detenci\u00f3 de l&#8217;home per amenaces greus amb arma de foc simulada i lesions, aix\u00ed com a la investigaci\u00f3 de la dona de 26 anys per un presumpte delicte de lesions. Els agents van intervindre l&#8217;arma emprada, constatant que es tractava d&#8217;una pistola de foguejament.<\/p>\n\n\n\n<p class=\"wp-block-paragraph\">L&#8217;operaci\u00f3 ha sigut desenvolupada per l&#8217;Equip de Policia Judicial de la Gu\u00e0rdia Civil de Borriana, amb el suport d&#8217;efectius del lloc de Sogorb. Les dilig\u00e8ncies instru\u00efdes, juntament amb el detingut i l&#8217;arma confiscada, han sigut posades a la disposici\u00f3 del Jutjat de Primera Inst\u00e0ncia i Instrucci\u00f3 de Sogorb.<\/p>\n","protected":false},"excerpt":{"rendered":"<p>\u2022 Els fets van tindre lloc durant una discom\u00f2bil i van acabar amb una agressi\u00f3 m\u00faltiple i l&#8217;\u00fas d&#8217;una arma simulada. \u2022 Els agents han aconseguit intervindre la pistola de foguejament utilitzada per a encanonar una de les v\u00edctimes. Castell\u00f3, 4 de setembre de 2026. La Gu\u00e0rdia Civil ha detingut un home de 29 anys &#8230; <a title=\"La Gu\u00e0rdia Civil det\u00e9 un home i n\u2019investiga una dona per amenaces greus i lesions a Viver\" class=\"read-more\" href=\"https:\/\/elcafedepipa.com\/index.php\/2026\/09\/04\/la-guardia-civil-dete-un-home-i-ninvestiga-una-dona-per-amenaces-greus-i-lesions-a-viver\/\" aria-label=\"M\u00e9s informaci\u00f3 sobre La Gu\u00e0rdia Civil det\u00e9 un home i n\u2019investiga una dona per amenaces greus i lesions a Viver\">Read more<\/a><\/p>\n","protected":false},"author":5,"featured_media":28618,"comment_status":"open","ping_status":"closed","sticky":false,"template":"","format":"standard","meta":{"om_disable_all_campaigns":false,"_monsterinsights_skip_tracking":false,"_uf_show_specific_survey":0,"_uf_disable_surveys":false,"slim_seo":{"title":"La Gu\u00e0rdia Civil det\u00e9 un home i n\u2019investiga una dona per amenaces greus i lesions a Viver - El caf\u00e9 de Pipa","description":"\u2022 Els fets van tindre lloc durant una discom\u00f2bil i van acabar amb una agressi\u00f3 m\u00faltiple i l'\u00fas d'una arma simulada. \u2022 Els agents han aconseguit intervindre la p"},"footnotes":""},"categories":[10],"tags":[],"ppma_author":[75],"class_list":["post-28617","post","type-post","status-publish","format-standard","has-post-thumbnail","hentry","category-provinciadecastello"],"distributor_meta":false,"distributor_terms":false,"distributor_media":false,"distributor_original_site_name":"Info Nord","distributor_original_site_url":"https:\/\/infonord.es","push-errors":false,"authors":[{"term_id":75,"user_id":5,"is_guest":0,"slug":"vicentarnau","display_name":"Vicent Arnau Forner","avatar_url":"https:\/\/secure.gravatar.com\/avatar\/b6bbb5d9d4a2f81c9489990a7f05494fa0066b3db023740311cd0a4d00ee56fe?s=96&d=mm&r=g","author_category":"","first_name":"Vicent","last_name":"Arnau Forner","user_url":"","job_title":"","description":""}],"_links":{"self":[{"href":"https:\/\/elcafedepipa.com\/index.php\/wp-json\/wp\/v2\/posts\/28617","targetHints":{"allow":["GET"]}}],"collection":[{"href":"https:\/\/elcafedepipa.com\/index.php\/wp-json\/wp\/v2\/posts"}],"about":[{"href":"https:\/\/elcafedepipa.com\/index.php\/wp-json\/wp\/v2\/types\/post"}],"author":[{"embeddable":true,"href":"https:\/\/elcafedepipa.com\/index.php\/wp-json\/wp\/v2\/users\/5"}],"replies":[{"embeddable":true,"href":"https:\/\/elcafedepipa.com\/index.php\/wp-json\/wp\/v2\/comments?post=28617"}],"version-history":[{"count":1,"href":"https:\/\/elcafedepipa.com\/index.php\/wp-json\/wp\/v2\/posts\/28617\/revisions"}],"predecessor-version":[{"id":28619,"href":"https:\/\/elcafedepipa.com\/index.php\/wp-json\/wp\/v2\/posts\/28617\/revisions\/28619"}],"wp:featuredmedia":[{"embeddable":true,"href":"https:\/\/elcafedepipa.com\/index.php\/wp-json\/wp\/v2\/media\/28618"}],"wp:attachment":[{"href":"https:\/\/elcafedepipa.com\/index.php\/wp-json\/wp\/v2\/media?parent=28617"}],"wp:term":[{"taxonomy":"category","embeddable":true,"href":"https:\/\/elcafedepipa.com\/index.php\/wp-json\/wp\/v2\/categories?post=28617"},{"taxonomy":"post_tag","embeddable":true,"href":"https:\/\/elcafedepipa.com\/index.php\/wp-json\/wp\/v2\/tags?post=28617"},{"taxonomy":"author","embeddable":true,"href":"https:\/\/elcafedepipa.com\/index.php\/wp-json\/wp\/v2\/ppma_author?post=28617"}],"curies":[{"name":"wp","href":"https:\/\/api.w.org\/{rel}","templated":true}]}}