{"id":28613,"date":"2026-09-04T11:24:41","date_gmt":"2026-09-04T09:24:41","guid":{"rendered":"https:\/\/elcafedepipa.com\/?p=28613"},"modified":"2026-09-04T11:24:54","modified_gmt":"2026-09-04T09:24:54","slug":"compromis-presenta-lalmenara-que-ve-amb-un-projecte-de-poble-basat-en-lhabitatge-els-serveis-publics-i-la-defensa-del-territori","status":"publish","type":"post","link":"https:\/\/elcafedepipa.com\/index.php\/2026\/09\/04\/compromis-presenta-lalmenara-que-ve-amb-un-projecte-de-poble-basat-en-lhabitatge-els-serveis-publics-i-la-defensa-del-territori\/","title":{"rendered":"Comprom\u00eds presenta \u00abl&#8217;Almenara que ve\u00bb amb un projecte de poble basat en l&#8217;habitatge, els serveis p\u00fablics i la defensa del territori"},"content":{"rendered":"\n<p class=\"wp-block-paragraph\"><\/p>\n\n\n\n<ul class=\"wp-block-list\">\n<li><strong>Quique Castell\u00f3 Abad: \u00abVolem posar all\u00f2 p\u00fablic al servei de la ciutadania, garantint uns serveis municipals a l&#8217;altura i generant ocupaci\u00f3 estable i de qualitat\u00bb<\/strong><\/li>\n<\/ul>\n\n\n\n<p class=\"wp-block-paragraph\">El portaveu de Comprom\u00eds per Almenara, Quique Castell\u00f3, ha realitzat una intervenci\u00f3 dura contra la gesti\u00f3 de l&#8217;executiu encap\u00e7alat per Est\u00edbaliz P\u00e9rez (PSOE). Tanmateix, lluny de limitar-se a la cr\u00edtica de la legislatura actual, la formaci\u00f3 valencianista ha aprofitat la sessi\u00f3 per posar damunt la taula les l\u00ednies mestres de&nbsp;<em>l&#8217;Almenara que ve<\/em>, un projecte de poble amb qu\u00e8 aspira a rellevar el govern socialista en les eleccions municipals de 2027.<\/p>\n\n\n\n<p class=\"wp-block-paragraph\">Aix\u00ed doncs, Comprom\u00eds ha aprofitat el Ple de l&#8217;Estat del Municipi d&#8217;Almenara per reivindicar un canvi en les pol\u00edtiques municipals i presentar les principals l\u00ednies del projecte de poble que la formaci\u00f3 vol impulsar. Amb una intervenci\u00f3 centrada en el programa, la formaci\u00f3 valencianista ha combinat les cr\u00edtiques a la gesti\u00f3 del govern socialista amb una bateria de propostes en mat\u00e8ria d&#8217;habitatge, educaci\u00f3, serveis p\u00fablics, cultura, medi ambient, comer\u00e7 i participaci\u00f3 ciutadana.&nbsp;<\/p>\n\n\n\n<p class=\"wp-block-paragraph\">Davant d&#8217;un govern en minoria, Castell\u00f3 ha retret a l&#8217;alcaldessa haver instal\u00b7lat l&#8217;Ajuntament en la \u00abin\u00e8rcia\u00bb i d&#8217;actuar \u00fanicament sota el caliu dels calendaris electorals. Segons el portaveu valencianista, \u00absobreviure en el poder no pot ser l&#8217;objectiu de la pol\u00edtica local\u00bb, i ha advertit que el municipi pateix una des\u00eddia cr\u00f2nica visible en q\u00fcestions quotidianes com l&#8217;acumulaci\u00f3 de fem als carrers, el deteriorament del paviment o la par\u00e0lisi en \u00f2rgans com el Consell Municipal de Cultura i la Comissi\u00f3 de Festes. A m\u00e9s, ha retret que \u00abdavant la crisi d&#8217;habitatge i la manca de pol\u00edtiques socials per als nostres majors, P\u00e9rez i el PSOE no fan res\u00bb.&nbsp;<\/p>\n\n\n\n<p class=\"wp-block-paragraph\">En l&#8217;apartat econ\u00f2mic, el discurs ha elevat el to per criticar la salut financera de l&#8217;Ajuntament. Comprom\u00eds ha denunciat que l&#8217;equip de govern haja hagut de rec\u00f3rrer a ingressos extraordinaris per quadrar els comptes, una situaci\u00f3 que ha contraposat amb operacions passades com la privatitzaci\u00f3 del servei de l&#8217;aigua o el que ha qualificat de \u00abregal fiscal de quatre milions d&#8217;euros a una multinacional\u00bb, una mesura que, segons ha recordat, va comptar amb el vistiplau de la dreta al plenari. \u00abTenim un pla per superar l&#8217;\u00e8poca de la pol\u00edtica dels peda\u00e7os de P\u00e9rez\u00bb, ha sentenciat Castell\u00f3 durant la seua intervenci\u00f3 per defensar un canvi de tim\u00f3 en la po\u00edtica local.<\/p>\n\n\n\n<p class=\"wp-block-paragraph\">Per contrarestar l&#8217;actual model, Comprom\u00eds ha estructurat un programa de govern basat en l&#8217;acc\u00e9s a recursos b\u00e0sics i la protecci\u00f3 del territori. Entre les mesures m\u00e9s destacades hi ha la creaci\u00f3 d&#8217;una cooperativa d&#8217;habitatge sobre s\u00f2l municipal, dissenyada per frenar l&#8217;escalada abusiva dels preus del lloguer i facilitar que la gent jove es puga quedar al poble. A m\u00e9s a m\u00e9s, una de les apostes estrela de la formaci\u00f3 de cara a la pr\u00f2xima legislatura \u2014una vegada es deixe enrere el Pla Econ\u00f2mic Financer heretat\u2014 ser\u00e0 la creaci\u00f3 d&#8217;una empresa p\u00fablica municipal de serveis. Batejada amb el nom de Bergamuza en homenatge a la hist\u00f2rica torre de vigil\u00e0ncia local, aquesta entitat busca dotar la brigada de m\u00e9s recursos materials i humans. \u00abVolem posar all\u00f2 p\u00fablic al servei de la ciutadania, garantint uns serveis municipals a l&#8217;altura i generant ocupaci\u00f3 estable i de qualitat\u00bb, ha argumentat el portaveu municipalista.<\/p>\n\n\n\n<p class=\"wp-block-paragraph\">El projecte de Comprom\u00eds tamb\u00e9 interpel\u00b7la directament les grans infraestructures pendents del municipi. Des de la formaci\u00f3 s&#8217;ha exigit la reactivaci\u00f3 immediata del Pla Edificant per aixecar un nou centre educatiu que pose fi a la massificaci\u00f3 i permeta disposar d&#8217;aules dignes, aix\u00ed com la construcci\u00f3 d&#8217;un centre de dia i de diversitat funcional. Tot aix\u00f2 sumat a la protecci\u00f3 del litoral: \u00abEns plantarem davant de qui siga prec\u00eds per defensar els interessos d&#8217;Almenara\u00bb, ha manifestat Quique Castell\u00f3. En clau mediambiental, el partit ha situat l&#8217;emerg\u00e8ncia clim\u00e0tica al centre de l&#8217;acci\u00f3 pol\u00edtica amb la creaci\u00f3 de refugis clim\u00e0tics, la renaturalitzaci\u00f3 de parcs i una defensa ferma de les muntanyes i la marjal davant de qualsevol administraci\u00f3 superior. Aix\u00ed mateix, en l&#8217;\u00e0mbit comercial i agrari, s&#8217;ha proposat modernitzar el mercat municipal facilitant les comandes a domicili i engegar un mercat de proximitat per connectar directament els productors locals amb els consumidors mitjan\u00e7ant bonificacions espec\u00edfiques.<\/p>\n","protected":false},"excerpt":{"rendered":"<p>El portaveu de Comprom\u00eds per Almenara, Quique Castell\u00f3, ha realitzat una intervenci\u00f3 dura contra la gesti\u00f3 de l&#8217;executiu encap\u00e7alat per Est\u00edbaliz P\u00e9rez (PSOE). Tanmateix, lluny de limitar-se a la cr\u00edtica de la legislatura actual, la formaci\u00f3 valencianista ha aprofitat la sessi\u00f3 per posar damunt la taula les l\u00ednies mestres de&nbsp;l&#8217;Almenara que ve, un projecte de &#8230; <a title=\"Comprom\u00eds presenta \u00abl&#8217;Almenara que ve\u00bb amb un projecte de poble basat en l&#8217;habitatge, els serveis p\u00fablics i la defensa del territori\" class=\"read-more\" href=\"https:\/\/elcafedepipa.com\/index.php\/2026\/09\/04\/compromis-presenta-lalmenara-que-ve-amb-un-projecte-de-poble-basat-en-lhabitatge-els-serveis-publics-i-la-defensa-del-territori\/\" aria-label=\"M\u00e9s informaci\u00f3 sobre Comprom\u00eds presenta \u00abl&#8217;Almenara que ve\u00bb amb un projecte de poble basat en l&#8217;habitatge, els serveis p\u00fablics i la defensa del territori\">Read more<\/a><\/p>\n","protected":false},"author":5,"featured_media":28615,"comment_status":"open","ping_status":"closed","sticky":false,"template":"","format":"standard","meta":{"om_disable_all_campaigns":false,"_monsterinsights_skip_tracking":false,"_uf_show_specific_survey":0,"_uf_disable_surveys":false,"slim_seo":{"title":"Comprom\u00eds presenta \"l'Almenara que ve\" amb un projecte de poble basat en l'habitatge, els serveis p\u00fablics i la defensa del territori - El caf\u00e9 de Pipa","description":"El portaveu de Comprom\u00eds per Almenara, Quique Castell\u00f3, ha realitzat una intervenci\u00f3 dura contra la gesti\u00f3 de l'executiu encap\u00e7alat per Est\u00edbaliz P\u00e9rez (PSOE)."},"footnotes":""},"categories":[5],"tags":[],"ppma_author":[75],"class_list":["post-28613","post","type-post","status-publish","format-standard","has-post-thumbnail","hentry","category-almenara"],"distributor_meta":false,"distributor_terms":false,"distributor_media":false,"distributor_original_site_name":"El caf\u00e9 de Pipa","distributor_original_site_url":"https:\/\/elcafedepipa.com","push-errors":false,"authors":[{"term_id":75,"user_id":5,"is_guest":0,"slug":"vicentarnau","display_name":"Vicent Arnau Forner","avatar_url":"https:\/\/secure.gravatar.com\/avatar\/b6bbb5d9d4a2f81c9489990a7f05494fa0066b3db023740311cd0a4d00ee56fe?s=96&d=mm&r=g","author_category":"","first_name":"Vicent","last_name":"Arnau Forner","user_url":"","job_title":"","description":""}],"_links":{"self":[{"href":"https:\/\/elcafedepipa.com\/index.php\/wp-json\/wp\/v2\/posts\/28613","targetHints":{"allow":["GET"]}}],"collection":[{"href":"https:\/\/elcafedepipa.com\/index.php\/wp-json\/wp\/v2\/posts"}],"about":[{"href":"https:\/\/elcafedepipa.com\/index.php\/wp-json\/wp\/v2\/types\/post"}],"author":[{"embeddable":true,"href":"https:\/\/elcafedepipa.com\/index.php\/wp-json\/wp\/v2\/users\/5"}],"replies":[{"embeddable":true,"href":"https:\/\/elcafedepipa.com\/index.php\/wp-json\/wp\/v2\/comments?post=28613"}],"version-history":[{"count":1,"href":"https:\/\/elcafedepipa.com\/index.php\/wp-json\/wp\/v2\/posts\/28613\/revisions"}],"predecessor-version":[{"id":28616,"href":"https:\/\/elcafedepipa.com\/index.php\/wp-json\/wp\/v2\/posts\/28613\/revisions\/28616"}],"wp:featuredmedia":[{"embeddable":true,"href":"https:\/\/elcafedepipa.com\/index.php\/wp-json\/wp\/v2\/media\/28615"}],"wp:attachment":[{"href":"https:\/\/elcafedepipa.com\/index.php\/wp-json\/wp\/v2\/media?parent=28613"}],"wp:term":[{"taxonomy":"category","embeddable":true,"href":"https:\/\/elcafedepipa.com\/index.php\/wp-json\/wp\/v2\/categories?post=28613"},{"taxonomy":"post_tag","embeddable":true,"href":"https:\/\/elcafedepipa.com\/index.php\/wp-json\/wp\/v2\/tags?post=28613"},{"taxonomy":"author","embeddable":true,"href":"https:\/\/elcafedepipa.com\/index.php\/wp-json\/wp\/v2\/ppma_author?post=28613"}],"curies":[{"name":"wp","href":"https:\/\/api.w.org\/{rel}","templated":true}]}}