{"id":28610,"date":"2026-09-03T18:21:26","date_gmt":"2026-09-03T16:21:26","guid":{"rendered":"https:\/\/elcafedepipa.com\/?p=28610"},"modified":"2026-09-03T18:21:26","modified_gmt":"2026-09-03T16:21:26","slug":"el-consell-mobilitza-179-milions-deuros-per-a-la-recuperacio-dels-municipis-afectats-pels-focs-de-tirig-i-segorbe","status":"publish","type":"post","link":"https:\/\/elcafedepipa.com\/index.php\/2026\/09\/03\/el-consell-mobilitza-179-milions-deuros-per-a-la-recuperacio-dels-municipis-afectats-pels-focs-de-tirig-i-segorbe\/","title":{"rendered":"El Consell mobilitza 17,9 milions d\u2019euros per a la recuperaci\u00f3 dels municipis afectats pels focs de T\u00edrig i Segorbe"},"content":{"rendered":"\n<p class=\"wp-block-paragraph\"><\/p>\n\n\n\n<p class=\"wp-block-paragraph\">El Ple del Consell ha autoritzat aquest dijous un increment en el paquet d&#8217;ajudes d&#8217;urg\u00e8ncia destinat a pal\u00b7liar les conseq\u00fc\u00e8ncies dels incendis forestals que es van declarar el 7 d&#8217;agost a T\u00edrig i el 20 d&#8217;agost a Segorbe. La partida s&#8217;ha ampliat en 1,17 milions d&#8217;euros respecte a la dotaci\u00f3 inicialment consignada, de manera que el pressupost global m\u00e0xim arriba als 17,9 milions d&#8217;euros per a restablir la normalitat en les zones danyades.<\/p>\n\n\n\n<p class=\"wp-block-paragraph\">Segons ha informat en roda de premsa el portaveu de l&#8217;executiu valenci\u00e0, Miguel Barrachina, les l\u00ednies de suport econ\u00f2mic s&#8217;estenen a huit termes municipals: T\u00edrig, Cat\u00ed, Alboc\u00e0sser, Culla, la Salzadella, Sierra Engarcer\u00e1n, Segorbe i G\u00e1tova. Els fons estan destinats a cobrir tant els danys materials en vivendes i vehicles particulars com les p\u00e8rdues en activitats comercials, aut\u00f2noms i explotacions agr\u00edcoles, ramaderes o forestals, a m\u00e9s de finan\u00e7ar la reparaci\u00f3 d&#8217;infraestructures i b\u00e9ns de titularitat municipal.<\/p>\n\n\n\n<p class=\"wp-block-paragraph\"><strong>Impuls a la transformaci\u00f3 energ\u00e8tica a Castell\u00f3<\/strong><\/p>\n\n\n\n<p class=\"wp-block-paragraph\">En la mateixa sessi\u00f3, el Consell ha donat llum verda a un decret pel qual s&#8217;atorguen 76 milions d&#8217;euros en ajudes directes a bp Energ\u00eda Espa\u00f1a i a la mercantil Castell\u00f3n Green Hydrogen Phase 2. El finan\u00e7ament, canalitzat a trav\u00e9s del programa FEDER 2021-2027, s&#8217;enfoca a desenvolupar dos projectes industrials d&#8217;hidrogen verd per electr\u00f2lisi i de combustibles d&#8217;origen biol\u00f2gic, com el SAF destinat a l&#8217;aviaci\u00f3 i l&#8217;HVO per al transport per carretera. L&#8217;actuaci\u00f3 inclou el tractament anual de 330.000 tones de mat\u00e8ries primeres biol\u00f2giques, a m\u00e9s de noves connexions de log\u00edstica mar\u00edtima i ferrovi\u00e0ria i plans de capacitaci\u00f3 t\u00e8cnica en sostenibilitat energ\u00e8tica.<\/p>\n\n\n\n<p class=\"wp-block-paragraph\"><strong>Altres acords adoptats pel Ple:<\/strong><\/p>\n\n\n\n<ul class=\"wp-block-list\">\n<li><strong>Regulaci\u00f3 de serveis socials:<\/strong> S&#8217;ha aprovat un nou marc normatiu per a reestructurar els centres, programes i recursos del Sistema P\u00fablic Valenci\u00e0 de Serveis Socials.<\/li>\n\n\n\n<li><strong>Contractaci\u00f3 en sanitat:<\/strong> Adjudicaci\u00f3 del servei integral i subministrament de gasos medicinals per als hospitals i centres de la Conselleria de Sanitat i els consorcis de Castell\u00f3 i Val\u00e8ncia, amb un import de 91,2 milions d&#8217;euros per a un per\u00edode de dos anys, ampliable a un tercer.<\/li>\n\n\n\n<li><strong>Suport a les arts esc\u00e8niques:<\/strong> Autoritzaci\u00f3 del conveni 2026-2027 del Circuit Cultural Valenci\u00e0, mitjan\u00e7ant el qual l&#8217;Institut Valenci\u00e0 de Cultura assumir\u00e0 \u00edntegrament el cost dels caixets de les actuacions amb una inversi\u00f3 de 2,42 milions d&#8217;euros.<\/li>\n\n\n\n<li><strong>Mobilitat metropolitana:<\/strong> Continu\u00eftat fins a l&#8217;octubre de 2028 de la col\u00b7laboraci\u00f3 amb l&#8217;Ajuntament d&#8217;Alacant per a la gesti\u00f3 integrada del Sistema Coordinat de Transport Metropolit\u00e0 (TAM).<\/li>\n\n\n\n<li><strong>M\u00e8rit policial i estructura de govern:<\/strong> Concessi\u00f3 de 87 condecoracions, 10 diplomes de traject\u00f2ria i 5 distincions d&#8217;honor a agents de la Unitat del Cos Nacional de Policia adscrita a la Comunitat Valenciana, a m\u00e9s del nomenament de Roc\u00edo Pont P\u00e9rez com a directora general de Fons Europeus i el cessament, a petici\u00f3 pr\u00f2pia, de Carlos Lirio Ceruelo com a subsecretari de la Vicepresid\u00e8ncia Primera.<\/li>\n<\/ul>\n","protected":false},"excerpt":{"rendered":"<p>El Ple del Consell ha autoritzat aquest dijous un increment en el paquet d&#8217;ajudes d&#8217;urg\u00e8ncia destinat a pal\u00b7liar les conseq\u00fc\u00e8ncies dels incendis forestals que es van declarar el 7 d&#8217;agost a T\u00edrig i el 20 d&#8217;agost a Segorbe. La partida s&#8217;ha ampliat en 1,17 milions d&#8217;euros respecte a la dotaci\u00f3 inicialment consignada, de manera que &#8230; <a title=\"El Consell mobilitza 17,9 milions d\u2019euros per a la recuperaci\u00f3 dels municipis afectats pels focs de T\u00edrig i Segorbe\" class=\"read-more\" href=\"https:\/\/elcafedepipa.com\/index.php\/2026\/09\/03\/el-consell-mobilitza-179-milions-deuros-per-a-la-recuperacio-dels-municipis-afectats-pels-focs-de-tirig-i-segorbe\/\" aria-label=\"M\u00e9s informaci\u00f3 sobre El Consell mobilitza 17,9 milions d\u2019euros per a la recuperaci\u00f3 dels municipis afectats pels focs de T\u00edrig i Segorbe\">Read more<\/a><\/p>\n","protected":false},"author":5,"featured_media":28611,"comment_status":"open","ping_status":"closed","sticky":false,"template":"","format":"standard","meta":{"om_disable_all_campaigns":false,"_monsterinsights_skip_tracking":false,"_uf_show_specific_survey":0,"_uf_disable_surveys":false,"slim_seo":{"title":"El Consell mobilitza 17,9 milions d\u2019euros per a la recuperaci\u00f3 dels municipis afectats pels focs de T\u00edrig i Segorbe - El caf\u00e9 de Pipa","description":"El Ple del Consell ha autoritzat aquest dijous un increment en el paquet d'ajudes d'urg\u00e8ncia destinat a pal\u00b7liar les conseq\u00fc\u00e8ncies dels incendis forestals que e"},"footnotes":""},"categories":[10],"tags":[],"ppma_author":[75],"class_list":["post-28610","post","type-post","status-publish","format-standard","has-post-thumbnail","hentry","category-provinciadecastello"],"distributor_meta":false,"distributor_terms":false,"distributor_media":false,"distributor_original_site_name":"Info Nord","distributor_original_site_url":"https:\/\/infonord.es","push-errors":false,"authors":[{"term_id":75,"user_id":5,"is_guest":0,"slug":"vicentarnau","display_name":"Vicent Arnau Forner","avatar_url":"https:\/\/secure.gravatar.com\/avatar\/b6bbb5d9d4a2f81c9489990a7f05494fa0066b3db023740311cd0a4d00ee56fe?s=96&d=mm&r=g","author_category":"","first_name":"Vicent","last_name":"Arnau Forner","user_url":"","job_title":"","description":""}],"_links":{"self":[{"href":"https:\/\/elcafedepipa.com\/index.php\/wp-json\/wp\/v2\/posts\/28610","targetHints":{"allow":["GET"]}}],"collection":[{"href":"https:\/\/elcafedepipa.com\/index.php\/wp-json\/wp\/v2\/posts"}],"about":[{"href":"https:\/\/elcafedepipa.com\/index.php\/wp-json\/wp\/v2\/types\/post"}],"author":[{"embeddable":true,"href":"https:\/\/elcafedepipa.com\/index.php\/wp-json\/wp\/v2\/users\/5"}],"replies":[{"embeddable":true,"href":"https:\/\/elcafedepipa.com\/index.php\/wp-json\/wp\/v2\/comments?post=28610"}],"version-history":[{"count":1,"href":"https:\/\/elcafedepipa.com\/index.php\/wp-json\/wp\/v2\/posts\/28610\/revisions"}],"predecessor-version":[{"id":28612,"href":"https:\/\/elcafedepipa.com\/index.php\/wp-json\/wp\/v2\/posts\/28610\/revisions\/28612"}],"wp:featuredmedia":[{"embeddable":true,"href":"https:\/\/elcafedepipa.com\/index.php\/wp-json\/wp\/v2\/media\/28611"}],"wp:attachment":[{"href":"https:\/\/elcafedepipa.com\/index.php\/wp-json\/wp\/v2\/media?parent=28610"}],"wp:term":[{"taxonomy":"category","embeddable":true,"href":"https:\/\/elcafedepipa.com\/index.php\/wp-json\/wp\/v2\/categories?post=28610"},{"taxonomy":"post_tag","embeddable":true,"href":"https:\/\/elcafedepipa.com\/index.php\/wp-json\/wp\/v2\/tags?post=28610"},{"taxonomy":"author","embeddable":true,"href":"https:\/\/elcafedepipa.com\/index.php\/wp-json\/wp\/v2\/ppma_author?post=28610"}],"curies":[{"name":"wp","href":"https:\/\/api.w.org\/{rel}","templated":true}]}}