{"id":28599,"date":"2026-09-03T13:40:04","date_gmt":"2026-09-03T11:40:04","guid":{"rendered":"https:\/\/elcafedepipa.com\/?p=28599"},"modified":"2026-09-03T13:40:15","modified_gmt":"2026-09-03T11:40:15","slug":"el-pspv-acusa-el-pp-i-perez-llorca-dasfixiar-la-generalitat-amb-un-deute-record-i-donar-lesquena-a-15-000-milions-per-a-millorar-el-financament","status":"publish","type":"post","link":"https:\/\/elcafedepipa.com\/index.php\/2026\/09\/03\/el-pspv-acusa-el-pp-i-perez-llorca-dasfixiar-la-generalitat-amb-un-deute-record-i-donar-lesquena-a-15-000-milions-per-a-millorar-el-financament\/","title":{"rendered":"El PSPV acusa el PP i P\u00e9rez Llorca d\u2019asfixiar la Generalitat amb un deute r\u00e8cord i donar l\u2019esquena a 15.000 milions per a millorar el finan\u00e7ament"},"content":{"rendered":"\n<p class=\"wp-block-paragraph\"><br><strong>Samuel Falomir adverteix que el deute marca un r\u00e8cord de 64.348 milions i critica que el president sacrifique els interessos valencians per a garantir-se la posici\u00f3 de candidat a la Generalitat en 2027<\/strong><br><br>El PSPV-PSOE de Castell\u00f3 ha alertat que les \u00faltimes dades d\u2019Hisenda certifiquen l\u2019asf\u00edxia financera de la Generalitat, que ja acumula un r\u00e8cord de 64.348 milions d\u2019euros de deute i que llastra la capacitat de gesti\u00f3 de qualsevol govern. \u00c9s una situaci\u00f3 \u201cinsuportable\u201d per als socialistes que no t\u00e9 una soluci\u00f3 f\u00e0cil ni a curt termini davant el rebuig sistem\u00e0tic del PP i de P\u00e9rez Llorca a acceptar les dues propostes del Govern d\u2019Espanya per a solucionar l\u2019infrafinan\u00e7ament i garantir els recursos dels serveis p\u00fablics: el nou model de finan\u00e7ament i la condonaci\u00f3 parcial del deute.<br><br>El secretari general del PSPV-PSOE de Castell\u00f3, Samuel Falomir, ha recordat que, sumant les dues iniciatives, la Comunitat Valenciana rebria nom\u00e9s el primer any de vig\u00e8ncia prop de 15.000 milions d\u2019euros, 11.210 milions per la condonaci\u00f3 del deute i 3.669 milions m\u00e9s pel nou sistema de finan\u00e7ament. \u201cEl PP s\u2019ha ficat en un jard\u00ed del qual no pot eixir, perqu\u00e8 \u00e9s incapa\u00e7 d\u2019explicar amb l\u00f2gica per qu\u00e8 denuncia la situaci\u00f3 d\u2019infrafinan\u00e7ament valenci\u00e0 i reclama m\u00e9s recursos mentre, al mateix temps, rebutja les propostes formals que t\u00e9 damunt la taula per a solucionar-ho. Actuen com vertaders kamikazes financers\u201d.<br><br>\u201cI ac\u00ed entra en joc el debat successori del PP valenci\u00e0\u201d. Falomir ha reprotxat a P\u00e9rez Llorca que no tinga la valentia d\u2019acceptar dues propostes que s\u00f3n \u201crealment avantatjoses\u201d per a la Comunitat Valenciana perqu\u00e8 plantar cara a les directrius de Feij\u00f3o pot posar en risc la seua continu\u00eftat com a candidat popular a la Generalitat en 2027. \u201cLa seua superviv\u00e8ncia pol\u00edtica ens est\u00e0 eixint molt cara\u201d.<br><br>El dirigent socialista ha reprotxat tamb\u00e9 a les direccions valenciana i provincial del PP, encap\u00e7alada per Marta Barrachina, que fins ara no hagen sigut capaces de plantejar cap alternativa al seu \u2018no\u2019. \u201cLa seua soluci\u00f3 \u00e9s deixar-ho tot igual i que els valencians ens arromanguem, paguem i callem mentre el deute continua creixent i ja arriba als 12.000 euros per habitant\u201d.<br><br><strong>Una factura que ve de lluny<br><\/strong>\u201cEl PP no pot esborrar la seua hist\u00f2ria. Entre 1995 i 2015, amb els governs de Zaplana, Olivas, Camps i Fabra, el deute valenci\u00e0 va passar de 2.500 a 42.003 milions d\u2019euros, i des de 2023 s\u2019han sumat m\u00e9s de 6.000 milions m\u00e9s amb Maz\u00f3n i P\u00e9rez Llorca. Per\u00f2 el problema \u00e9s que una part d\u2019aquell endeutament no va servir per a refor\u00e7ar els serveis p\u00fablics, sin\u00f3 per a pagar els capritxos del PP, com la F\u00f3rmula 1, parcs tem\u00e0tics ru\u00efnosos i grans esdeveniments que encara hui continuem pagant tots els valencians i valencianes\u201d.<br><br>El secretari general provincial ha recordat a P\u00e9rez Llorca que en el seu discurs d\u2019investidura va prometre anteposar els interessos valencians als del partit i que, amb la seua alian\u00e7a amb Feij\u00f3o, \u201cest\u00e0 demostrant que poc li importa que els valencians continuem engruixant un deute que cada vegada condiciona m\u00e9s el futur de la nostra terra i que hipoteca el futur de les pr\u00f2ximes generacions\u201d<br><br>\u201cCal canviar les coses perqu\u00e8 la Generalitat deixe de ser una delegaci\u00f3 del PP i passe a defensar els interessos dels valencians. El nostre comprom\u00eds continuar\u00e0 sent dir s\u00ed a la condonaci\u00f3 i s\u00ed al nou sistema de finan\u00e7ament perqu\u00e8 puguem dedicar m\u00e9s recursos als hospitals, les escoles, la depend\u00e8ncia, l\u2019habitatge i les inversions que necessiten els nostres pobles\u201d.<\/p>\n","protected":false},"excerpt":{"rendered":"<p>Samuel Falomir adverteix que el deute marca un r\u00e8cord de 64.348 milions i critica que el president sacrifique els interessos valencians per a garantir-se la posici\u00f3 de candidat a la Generalitat en 2027 El PSPV-PSOE de Castell\u00f3 ha alertat que les \u00faltimes dades d\u2019Hisenda certifiquen l\u2019asf\u00edxia financera de la Generalitat, que ja acumula un r\u00e8cord &#8230; <a title=\"El PSPV acusa el PP i P\u00e9rez Llorca d\u2019asfixiar la Generalitat amb un deute r\u00e8cord i donar l\u2019esquena a 15.000 milions per a millorar el finan\u00e7ament\" class=\"read-more\" href=\"https:\/\/elcafedepipa.com\/index.php\/2026\/09\/03\/el-pspv-acusa-el-pp-i-perez-llorca-dasfixiar-la-generalitat-amb-un-deute-record-i-donar-lesquena-a-15-000-milions-per-a-millorar-el-financament\/\" aria-label=\"M\u00e9s informaci\u00f3 sobre El PSPV acusa el PP i P\u00e9rez Llorca d\u2019asfixiar la Generalitat amb un deute r\u00e8cord i donar l\u2019esquena a 15.000 milions per a millorar el finan\u00e7ament\">Read more<\/a><\/p>\n","protected":false},"author":5,"featured_media":28600,"comment_status":"closed","ping_status":"closed","sticky":false,"template":"","format":"standard","meta":{"om_disable_all_campaigns":false,"_monsterinsights_skip_tracking":false,"_uf_show_specific_survey":0,"_uf_disable_surveys":false,"slim_seo":{"title":"El PSPV acusa el PP i P\u00e9rez Llorca d\u2019asfixiar la Generalitat amb un deute r\u00e8cord i donar l\u2019esquena a 15.000 milions per a millorar el finan\u00e7ament - El caf\u00e9 de Pipa","description":"Samuel Falomir adverteix que el deute marca un r\u00e8cord de 64.348 milions i critica que el president sacrifique els interessos valencians per a garantir-se la pos"},"footnotes":""},"categories":[1],"tags":[],"ppma_author":[75],"class_list":["post-28599","post","type-post","status-publish","format-standard","has-post-thumbnail","hentry","category-non-classe"],"distributor_meta":false,"distributor_terms":false,"distributor_media":false,"distributor_original_site_name":"El caf\u00e9 de Pipa","distributor_original_site_url":"https:\/\/elcafedepipa.com","push-errors":false,"authors":[{"term_id":75,"user_id":5,"is_guest":0,"slug":"vicentarnau","display_name":"Vicent Arnau Forner","avatar_url":"https:\/\/secure.gravatar.com\/avatar\/b6bbb5d9d4a2f81c9489990a7f05494fa0066b3db023740311cd0a4d00ee56fe?s=96&d=mm&r=g","author_category":"","first_name":"Vicent","last_name":"Arnau Forner","user_url":"","job_title":"","description":""}],"_links":{"self":[{"href":"https:\/\/elcafedepipa.com\/index.php\/wp-json\/wp\/v2\/posts\/28599","targetHints":{"allow":["GET"]}}],"collection":[{"href":"https:\/\/elcafedepipa.com\/index.php\/wp-json\/wp\/v2\/posts"}],"about":[{"href":"https:\/\/elcafedepipa.com\/index.php\/wp-json\/wp\/v2\/types\/post"}],"author":[{"embeddable":true,"href":"https:\/\/elcafedepipa.com\/index.php\/wp-json\/wp\/v2\/users\/5"}],"replies":[{"embeddable":true,"href":"https:\/\/elcafedepipa.com\/index.php\/wp-json\/wp\/v2\/comments?post=28599"}],"version-history":[{"count":1,"href":"https:\/\/elcafedepipa.com\/index.php\/wp-json\/wp\/v2\/posts\/28599\/revisions"}],"predecessor-version":[{"id":28601,"href":"https:\/\/elcafedepipa.com\/index.php\/wp-json\/wp\/v2\/posts\/28599\/revisions\/28601"}],"wp:featuredmedia":[{"embeddable":true,"href":"https:\/\/elcafedepipa.com\/index.php\/wp-json\/wp\/v2\/media\/28600"}],"wp:attachment":[{"href":"https:\/\/elcafedepipa.com\/index.php\/wp-json\/wp\/v2\/media?parent=28599"}],"wp:term":[{"taxonomy":"category","embeddable":true,"href":"https:\/\/elcafedepipa.com\/index.php\/wp-json\/wp\/v2\/categories?post=28599"},{"taxonomy":"post_tag","embeddable":true,"href":"https:\/\/elcafedepipa.com\/index.php\/wp-json\/wp\/v2\/tags?post=28599"},{"taxonomy":"author","embeddable":true,"href":"https:\/\/elcafedepipa.com\/index.php\/wp-json\/wp\/v2\/ppma_author?post=28599"}],"curies":[{"name":"wp","href":"https:\/\/api.w.org\/{rel}","templated":true}]}}