{"id":28595,"date":"2026-09-03T13:38:38","date_gmt":"2026-09-03T11:38:38","guid":{"rendered":"https:\/\/elcafedepipa.com\/?p=28595"},"modified":"2026-09-03T13:38:49","modified_gmt":"2026-09-03T11:38:49","slug":"la-diputacio-de-castello-recolza-la-formacio-per-a-majors-amb-una-nova-convocatoria-de-beques-per-a-la-uned-senior-i-la-universitat-per-a-majors-de-luji","status":"publish","type":"post","link":"https:\/\/elcafedepipa.com\/index.php\/2026\/09\/03\/la-diputacio-de-castello-recolza-la-formacio-per-a-majors-amb-una-nova-convocatoria-de-beques-per-a-la-uned-senior-i-la-universitat-per-a-majors-de-luji\/","title":{"rendered":"La Diputaci\u00f3 de Castell\u00f3 recolza la formaci\u00f3 per a majors amb una nova convocat\u00f2ria de beques per a la Uned S\u00e8nior i la Universitat per a Majors de l&#8217;UJI"},"content":{"rendered":"\n<p class=\"wp-block-paragraph\"> La Diputaci\u00f3 de Castell\u00f3 recolza la formaci\u00f3 per a majors amb una nova convocat\u00f2ria de beques per a la Uned S\u00e8nior i la Universitat per a Majors de l&#8217;UJI.<\/p>\n\n\n\n<p class=\"wp-block-paragraph\">La instituci\u00f3 provincial ha aprovat les bases de les beques d&#8217;estudi dirigides a persones majors de la prov\u00edncia per un import total de 25.000 euros per al curs educatiu 2026\/2027, sent 15.000 euros per a la Universitat per a Majors de l&#8217;UJI i 10.000 euros per al programa \u2018UNED S\u00e8nior\u2019 de la Universitat Nacional d&#8217;Estudis a Dist\u00e0ncia. Unes subvencions \u201cque tenen com a objecte finan\u00e7ar els costos derivats de la matr\u00edcula i taxes universit\u00e0ries de l&#8217;alumnat s\u00e8nior\u201d, ha explicat la diputada de Benestar Social, Marisa Torl\u00e0.<\/p>\n\n\n\n<p class=\"wp-block-paragraph\">La diputada provincial ha subratllat que \u201cdes de la Diputaci\u00f3 de Castell\u00f3 continuem invertint en accions de promoci\u00f3 de l&#8217;envelliment actiu i, amb estes beques, facilitem l&#8217;acc\u00e9s als sistemes d&#8217;educaci\u00f3 de les persones majors de la prov\u00edncia.<\/p>\n\n\n\n<p class=\"wp-block-paragraph\">En el cas del programa subvencionat per la Diputaci\u00f3 de Castell\u00f3 en el marc de la Universitat per a Majors de l&#8217;UJI, podran beneficiar-se de les subvencions l&#8217;alumnat s\u00e8nior matriculat en estudis de Grau Universitari S\u00e8nior, postgrau o Curs de Ci\u00e8ncies Humanes i Socials, actualment denominat Programa Aules per a Majors, durant el curs acad\u00e8mic 2026\/2027. Amb una subvenci\u00f3 de 15.000 euros, la convocat\u00f2ria compta amb un total de 94 beques, sent 44 per al Graduat Universitari S\u00e8nior, 30 per a estudis de Postgrau, i 20 per al Curs de Ci\u00e8ncies Humanes i Socials que s&#8217;impartix a les Aules per a Majors de les seus comarcals.<\/p>\n\n\n\n<p class=\"wp-block-paragraph\">El termini de presentaci\u00f3 de sol\u00b7licituds comen\u00e7ar\u00e0 el pr\u00f2xim 9 de setembre i es prolongar\u00e0 fins al 28 de setembre, els dos inclosos.<\/p>\n\n\n\n<p class=\"wp-block-paragraph\">Pel que respecta al programa de la \u2018UNED S\u00e8nior\u2019, ser\u00e0 l&#8217;alumnat matriculat en estudis corresponents al Programa UNED-S\u00e8nior dels diferents centres associats de la prov\u00edncia els que podran conc\u00f3rrer a la concessi\u00f3 d&#8217;estes ajudes. En este cas, la quantia total de la subvenci\u00f3 \u00e9s de 10.000 euros. Les persones interessades a realitzar la seua sol\u00b7licitud podran realitzar-la del 30 de setembre&nbsp;al 20 d&#8217;octubre, els dos inclosos.<\/p>\n\n\n\n<p class=\"wp-block-paragraph\">La Diputaci\u00f3 Provincial de Castell\u00f3 reconeix el valor de les persones majors i el seu paper fonamental en la societat actual, per la qual cosa mitjan\u00e7ant la concessi\u00f3 d&#8217;estes beques es pret\u00e9n \u201cfomentar l&#8217;envelliment actiu, fent costat a persones que conserven la seua il\u00b7lusi\u00f3 per aprendre i aconseguir noves metes\u201d, ha explicat la diputada provincial, qui ha afegit que estes convocat\u00f2ries tamb\u00e9 tenen l&#8217;objectiu de \u201cpromoure el desenvolupament intel\u00b7lectual, facilitant que els majors adquirisquen nous coneixements que els permeten desembolicar-se activament hui dia\u201d. En conjunt, este tipus de beques \u201c\u00e9s una manera de motivar i incentivar per mitj\u00e0 de l&#8217;aprenentatge el desenvolupament social i intel\u00b7lectual d&#8217;estes persones que han arribat a una edat en la qual encara tenen molt a aprendre i molt a aportar a la societat, gr\u00e0cies al seu recorregut i experi\u00e8ncia\u201d, ha concl\u00f2s la diputada de Benestar Social.<\/p>\n","protected":false},"excerpt":{"rendered":"<p>La Diputaci\u00f3 de Castell\u00f3 recolza la formaci\u00f3 per a majors amb una nova convocat\u00f2ria de beques per a la Uned S\u00e8nior i la Universitat per a Majors de l&#8217;UJI. La instituci\u00f3 provincial ha aprovat les bases de les beques d&#8217;estudi dirigides a persones majors de la prov\u00edncia per un import total de 25.000 euros per &#8230; <a title=\"La Diputaci\u00f3 de Castell\u00f3 recolza la formaci\u00f3 per a majors amb una nova convocat\u00f2ria de beques per a la Uned S\u00e8nior i la Universitat per a Majors de l&#8217;UJI\" class=\"read-more\" href=\"https:\/\/elcafedepipa.com\/index.php\/2026\/09\/03\/la-diputacio-de-castello-recolza-la-formacio-per-a-majors-amb-una-nova-convocatoria-de-beques-per-a-la-uned-senior-i-la-universitat-per-a-majors-de-luji\/\" aria-label=\"M\u00e9s informaci\u00f3 sobre La Diputaci\u00f3 de Castell\u00f3 recolza la formaci\u00f3 per a majors amb una nova convocat\u00f2ria de beques per a la Uned S\u00e8nior i la Universitat per a Majors de l&#8217;UJI\">Read more<\/a><\/p>\n","protected":false},"author":5,"featured_media":28596,"comment_status":"closed","ping_status":"closed","sticky":false,"template":"","format":"standard","meta":{"om_disable_all_campaigns":false,"_monsterinsights_skip_tracking":false,"_uf_show_specific_survey":0,"_uf_disable_surveys":false,"slim_seo":{"title":"La Diputaci\u00f3 de Castell\u00f3 recolza la formaci\u00f3 per a majors amb una nova convocat\u00f2ria de beques per a la Uned S\u00e8nior i la Universitat per a Majors de l'UJI - El caf\u00e9 de Pipa","description":"La Diputaci\u00f3 de Castell\u00f3 recolza la formaci\u00f3 per a majors amb una nova convocat\u00f2ria de beques per a la Uned S\u00e8nior i la Universitat per a Majors de l'UJI. La in"},"footnotes":""},"categories":[1],"tags":[],"ppma_author":[75],"class_list":["post-28595","post","type-post","status-publish","format-standard","has-post-thumbnail","hentry","category-non-classe"],"distributor_meta":false,"distributor_terms":false,"distributor_media":false,"distributor_original_site_name":"El caf\u00e9 de Pipa","distributor_original_site_url":"https:\/\/elcafedepipa.com","push-errors":false,"authors":[{"term_id":75,"user_id":5,"is_guest":0,"slug":"vicentarnau","display_name":"Vicent Arnau Forner","avatar_url":"https:\/\/secure.gravatar.com\/avatar\/b6bbb5d9d4a2f81c9489990a7f05494fa0066b3db023740311cd0a4d00ee56fe?s=96&d=mm&r=g","author_category":"","first_name":"Vicent","last_name":"Arnau Forner","user_url":"","job_title":"","description":""}],"_links":{"self":[{"href":"https:\/\/elcafedepipa.com\/index.php\/wp-json\/wp\/v2\/posts\/28595","targetHints":{"allow":["GET"]}}],"collection":[{"href":"https:\/\/elcafedepipa.com\/index.php\/wp-json\/wp\/v2\/posts"}],"about":[{"href":"https:\/\/elcafedepipa.com\/index.php\/wp-json\/wp\/v2\/types\/post"}],"author":[{"embeddable":true,"href":"https:\/\/elcafedepipa.com\/index.php\/wp-json\/wp\/v2\/users\/5"}],"replies":[{"embeddable":true,"href":"https:\/\/elcafedepipa.com\/index.php\/wp-json\/wp\/v2\/comments?post=28595"}],"version-history":[{"count":1,"href":"https:\/\/elcafedepipa.com\/index.php\/wp-json\/wp\/v2\/posts\/28595\/revisions"}],"predecessor-version":[{"id":28598,"href":"https:\/\/elcafedepipa.com\/index.php\/wp-json\/wp\/v2\/posts\/28595\/revisions\/28598"}],"wp:featuredmedia":[{"embeddable":true,"href":"https:\/\/elcafedepipa.com\/index.php\/wp-json\/wp\/v2\/media\/28596"}],"wp:attachment":[{"href":"https:\/\/elcafedepipa.com\/index.php\/wp-json\/wp\/v2\/media?parent=28595"}],"wp:term":[{"taxonomy":"category","embeddable":true,"href":"https:\/\/elcafedepipa.com\/index.php\/wp-json\/wp\/v2\/categories?post=28595"},{"taxonomy":"post_tag","embeddable":true,"href":"https:\/\/elcafedepipa.com\/index.php\/wp-json\/wp\/v2\/tags?post=28595"},{"taxonomy":"author","embeddable":true,"href":"https:\/\/elcafedepipa.com\/index.php\/wp-json\/wp\/v2\/ppma_author?post=28595"}],"curies":[{"name":"wp","href":"https:\/\/api.w.org\/{rel}","templated":true}]}}