{"id":28586,"date":"2026-09-03T13:31:44","date_gmt":"2026-09-03T11:31:44","guid":{"rendered":"https:\/\/elcafedepipa.com\/?p=28586"},"modified":"2026-09-03T13:31:57","modified_gmt":"2026-09-03T11:31:57","slug":"lajuntament-de-la-vall-duixo-organitza-este-divendres-una-conferencia-sobre-lincendi-de-la-serra-despada","status":"publish","type":"post","link":"https:\/\/elcafedepipa.com\/index.php\/2026\/09\/03\/lajuntament-de-la-vall-duixo-organitza-este-divendres-una-conferencia-sobre-lincendi-de-la-serra-despada\/","title":{"rendered":"L\u2019Ajuntament de la Vall d\u2019Uix\u00f3 organitza este divendres una confer\u00e8ncia sobre l\u2019incendi de la serra d\u2019Espad\u00e0"},"content":{"rendered":"\n<p class=\"wp-block-paragraph\">L\u2019Ajuntament de la Vall d\u2019Uix\u00f3 organitza este divendres, 4 de setembre, a les 18.30 hores, al sal\u00f3&nbsp;d\u2019actes&nbsp;de la Biblioteca Municipal, la confer\u00e8ncia \u2018Reflexions en com\u00fa sobre&nbsp;l\u2019incendi&nbsp;de la Serra d\u2019Espad\u00e0\u2019.<\/p>\n\n\n\n<p class=\"wp-block-paragraph\">Es tracta de la primera d\u2019una s\u00e8rie de trobades que es desenvoluparan durant esta tardor i la pr\u00f2xima primavera per analitzar les causes i conseq\u00fc\u00e8ncies de l\u2019incendi del passat 25 de juliol, que va afectar m\u00e9s de 9.000 hect\u00e0rees de la Serra d\u2019Espad\u00e0, aix\u00ed com per abordar la recuperaci\u00f3 de les muntanyes de la Vall d\u2019Uix\u00f3.<\/p>\n\n\n\n<p class=\"wp-block-paragraph\">El regidor de Medi Ambient, Marc Seguer, ha explicat que \u201cvolem reflexionar sobre qu\u00e8 ha passat, com ha quedat la nostra serra i, sobretot, quins passos hem de donar a partir d\u2019ara per recuperar-la\u201d.<\/p>\n\n\n\n<p class=\"wp-block-paragraph\">La confer\u00e8ncia comptar\u00e0 amb V\u00edctor Bayona, president de la Societat d\u2019Amics de la Serra d\u2019Espad\u00e0; Elvira Mondrag\u00f3n, exforestal que ha treballat en les muntanyes de la zona; i Cristina C\u00e1novas, forestal que actualment treballa en les muntanyes de la Vall d\u2019Uix\u00f3 i que va estar present durant la jornada de l\u2019incendi.<\/p>\n\n\n\n<p class=\"wp-block-paragraph\">\u201cHem volgut comptar amb persones que coneixen molt b\u00e9 les nostres muntanyes, que viuen i treballen ac\u00ed i que poden aportar la seua experi\u00e8ncia\u201d, ha assenyalat Seguer.<\/p>\n\n\n\n<p class=\"wp-block-paragraph\">L\u2019acte tamb\u00e9 reservar\u00e0 un espai important per a la participaci\u00f3 de la ciutadania, que podr\u00e0 compartir com va viure l\u2019incendi, les seues inquietuds i les seues propostes per a la recuperaci\u00f3 de la serra.<\/p>\n\n\n\n<p class=\"wp-block-paragraph\">Seguer ha destacat que \u201chi ha molta gent amb ganes d\u2019aportar i de participar en la recuperaci\u00f3 de les nostres muntanyes i volem escoltar-la\u201d.<\/p>\n\n\n\n<p class=\"wp-block-paragraph\">La prevenci\u00f3 dels incendis forestals en un context de canvi clim\u00e0tic ser\u00e0 tamb\u00e9 un dels temes que es posaran sobre la taula. \u201cLes nostres muntanyes ara estan negres, per\u00f2 volem treballar perqu\u00e8 tornen a ser verdes, i per aix\u00f2 necessitem planificar b\u00e9 la seua recuperaci\u00f3 i tamb\u00e9 la prevenci\u00f3 dels futurs incendis\u201d, ha concl\u00f2s el regidor.<\/p>\n\n\n\n<figure class=\"wp-block-image size-large\"><img fetchpriority=\"high\" decoding=\"async\" width=\"724\" height=\"1024\" src=\"https:\/\/elcafedepipa.com\/wp-content\/uploads\/2026\/09\/CARTELL-724x1024.png\" alt=\"CARTELL\" class=\"wp-image-28588\" srcset=\"https:\/\/elcafedepipa.com\/wp-content\/uploads\/2026\/09\/CARTELL-724x1024.png 724w, https:\/\/elcafedepipa.com\/wp-content\/uploads\/2026\/09\/CARTELL-212x300.png 212w, https:\/\/elcafedepipa.com\/wp-content\/uploads\/2026\/09\/CARTELL-768x1086.png 768w, https:\/\/elcafedepipa.com\/wp-content\/uploads\/2026\/09\/CARTELL-1086x1536.png 1086w, https:\/\/elcafedepipa.com\/wp-content\/uploads\/2026\/09\/CARTELL-1448x2048.png 1448w, https:\/\/elcafedepipa.com\/wp-content\/uploads\/2026\/09\/CARTELL.png 1754w\" sizes=\"(max-width: 724px) 100vw, 724px\" \/><\/figure>\n","protected":false},"excerpt":{"rendered":"<p>L\u2019Ajuntament de la Vall d\u2019Uix\u00f3 organitza este divendres, 4 de setembre, a les 18.30 hores, al sal\u00f3&nbsp;d\u2019actes&nbsp;de la Biblioteca Municipal, la confer\u00e8ncia \u2018Reflexions en com\u00fa sobre&nbsp;l\u2019incendi&nbsp;de la Serra d\u2019Espad\u00e0\u2019. Es tracta de la primera d\u2019una s\u00e8rie de trobades que es desenvoluparan durant esta tardor i la pr\u00f2xima primavera per analitzar les causes i conseq\u00fc\u00e8ncies de &#8230; <a title=\"L\u2019Ajuntament de la Vall d\u2019Uix\u00f3 organitza este divendres una confer\u00e8ncia sobre l\u2019incendi de la serra d\u2019Espad\u00e0\" class=\"read-more\" href=\"https:\/\/elcafedepipa.com\/index.php\/2026\/09\/03\/lajuntament-de-la-vall-duixo-organitza-este-divendres-una-conferencia-sobre-lincendi-de-la-serra-despada\/\" aria-label=\"M\u00e9s informaci\u00f3 sobre L\u2019Ajuntament de la Vall d\u2019Uix\u00f3 organitza este divendres una confer\u00e8ncia sobre l\u2019incendi de la serra d\u2019Espad\u00e0\">Read more<\/a><\/p>\n","protected":false},"author":5,"featured_media":28587,"comment_status":"closed","ping_status":"closed","sticky":false,"template":"","format":"standard","meta":{"om_disable_all_campaigns":false,"_monsterinsights_skip_tracking":false,"_uf_show_specific_survey":0,"_uf_disable_surveys":false,"slim_seo":{"title":"L\u2019Ajuntament de la Vall d\u2019Uix\u00f3 organitza este divendres una confer\u00e8ncia sobre l\u2019incendi de la serra d\u2019Espad\u00e0 - El caf\u00e9 de Pipa","description":"L\u2019Ajuntament de la Vall d\u2019Uix\u00f3 organitza este divendres, 4 de setembre, a les 18.30 hores, al sal\u00f3&nbsp;d\u2019actes&nbsp;de la Biblioteca Municipal, la confer\u00e8ncia"},"footnotes":""},"categories":[1],"tags":[],"ppma_author":[75],"class_list":["post-28586","post","type-post","status-publish","format-standard","has-post-thumbnail","hentry","category-non-classe"],"distributor_meta":false,"distributor_terms":false,"distributor_media":false,"distributor_original_site_name":"El caf\u00e9 de Pipa","distributor_original_site_url":"https:\/\/elcafedepipa.com","push-errors":false,"authors":[{"term_id":75,"user_id":5,"is_guest":0,"slug":"vicentarnau","display_name":"Vicent Arnau Forner","avatar_url":"https:\/\/secure.gravatar.com\/avatar\/b6bbb5d9d4a2f81c9489990a7f05494fa0066b3db023740311cd0a4d00ee56fe?s=96&d=mm&r=g","author_category":"","first_name":"Vicent","last_name":"Arnau Forner","user_url":"","job_title":"","description":""}],"_links":{"self":[{"href":"https:\/\/elcafedepipa.com\/index.php\/wp-json\/wp\/v2\/posts\/28586","targetHints":{"allow":["GET"]}}],"collection":[{"href":"https:\/\/elcafedepipa.com\/index.php\/wp-json\/wp\/v2\/posts"}],"about":[{"href":"https:\/\/elcafedepipa.com\/index.php\/wp-json\/wp\/v2\/types\/post"}],"author":[{"embeddable":true,"href":"https:\/\/elcafedepipa.com\/index.php\/wp-json\/wp\/v2\/users\/5"}],"replies":[{"embeddable":true,"href":"https:\/\/elcafedepipa.com\/index.php\/wp-json\/wp\/v2\/comments?post=28586"}],"version-history":[{"count":1,"href":"https:\/\/elcafedepipa.com\/index.php\/wp-json\/wp\/v2\/posts\/28586\/revisions"}],"predecessor-version":[{"id":28589,"href":"https:\/\/elcafedepipa.com\/index.php\/wp-json\/wp\/v2\/posts\/28586\/revisions\/28589"}],"wp:featuredmedia":[{"embeddable":true,"href":"https:\/\/elcafedepipa.com\/index.php\/wp-json\/wp\/v2\/media\/28587"}],"wp:attachment":[{"href":"https:\/\/elcafedepipa.com\/index.php\/wp-json\/wp\/v2\/media?parent=28586"}],"wp:term":[{"taxonomy":"category","embeddable":true,"href":"https:\/\/elcafedepipa.com\/index.php\/wp-json\/wp\/v2\/categories?post=28586"},{"taxonomy":"post_tag","embeddable":true,"href":"https:\/\/elcafedepipa.com\/index.php\/wp-json\/wp\/v2\/tags?post=28586"},{"taxonomy":"author","embeddable":true,"href":"https:\/\/elcafedepipa.com\/index.php\/wp-json\/wp\/v2\/ppma_author?post=28586"}],"curies":[{"name":"wp","href":"https:\/\/api.w.org\/{rel}","templated":true}]}}