{"id":28576,"date":"2026-09-03T01:38:04","date_gmt":"2026-09-02T23:38:04","guid":{"rendered":"https:\/\/elcafedepipa.com\/?p=28576"},"modified":"2026-09-03T01:38:04","modified_gmt":"2026-09-02T23:38:04","slug":"la-presidenta-marta-barrachina-mostra-la-seua-solidaritat-i-suport-a-ceuta","status":"publish","type":"post","link":"https:\/\/elcafedepipa.com\/index.php\/2026\/09\/03\/la-presidenta-marta-barrachina-mostra-la-seua-solidaritat-i-suport-a-ceuta\/","title":{"rendered":"La presidenta Marta Barrachina mostra la seua solidaritat i suport a Ceuta"},"content":{"rendered":"\n<p class=\"wp-block-paragraph\"><\/p>\n\n\n\n<ul class=\"wp-block-list\">\n<li><strong>La presidenta de la Diputaci\u00f3 participa en la concentraci\u00f3 convocada este dimecres a Castell\u00f3 i destaca la defensa de la conviv\u00e8ncia, el respecte i la unitat<\/strong><\/li>\n<\/ul>\n\n\n\n<p class=\"wp-block-paragraph\">Dins dels actes celebrats <strong>este dimecres<\/strong> a <strong>Castell\u00f3<\/strong>, la responsable provincial ha acudit a la concentraci\u00f3 on ha subratllat la import\u00e0ncia de mantindre la unitat, el respecte i la conviv\u00e8ncia.<\/p>\n\n\n\n<figure class=\"wp-block-image size-large\"><img fetchpriority=\"high\" decoding=\"async\" width=\"1024\" height=\"682\" src=\"https:\/\/elcafedepipa.com\/wp-content\/uploads\/2026\/09\/Concentracion-apoyo-Ceuta-3-1-scaled-1-1024x682.jpg\" alt=\"\" class=\"wp-image-28577\" srcset=\"https:\/\/elcafedepipa.com\/wp-content\/uploads\/2026\/09\/Concentracion-apoyo-Ceuta-3-1-scaled-1-1024x682.jpg 1024w, https:\/\/elcafedepipa.com\/wp-content\/uploads\/2026\/09\/Concentracion-apoyo-Ceuta-3-1-scaled-1-300x200.jpg 300w, https:\/\/elcafedepipa.com\/wp-content\/uploads\/2026\/09\/Concentracion-apoyo-Ceuta-3-1-scaled-1-768x512.jpg 768w, https:\/\/elcafedepipa.com\/wp-content\/uploads\/2026\/09\/Concentracion-apoyo-Ceuta-3-1-scaled-1-1536x1024.jpg 1536w, https:\/\/elcafedepipa.com\/wp-content\/uploads\/2026\/09\/Concentracion-apoyo-Ceuta-3-1-scaled-1-2048x1365.jpg 2048w\" sizes=\"(max-width: 1024px) 100vw, 1024px\" \/><\/figure>\n\n\n\n<figure class=\"wp-block-image size-large\"><img decoding=\"async\" width=\"1024\" height=\"682\" src=\"https:\/\/elcafedepipa.com\/wp-content\/uploads\/2026\/09\/Concentracion-apoyo-Ceuta-1-scaled-1-1024x682.jpg\" alt=\"\" class=\"wp-image-28578\" srcset=\"https:\/\/elcafedepipa.com\/wp-content\/uploads\/2026\/09\/Concentracion-apoyo-Ceuta-1-scaled-1-1024x682.jpg 1024w, https:\/\/elcafedepipa.com\/wp-content\/uploads\/2026\/09\/Concentracion-apoyo-Ceuta-1-scaled-1-300x200.jpg 300w, https:\/\/elcafedepipa.com\/wp-content\/uploads\/2026\/09\/Concentracion-apoyo-Ceuta-1-scaled-1-768x512.jpg 768w, https:\/\/elcafedepipa.com\/wp-content\/uploads\/2026\/09\/Concentracion-apoyo-Ceuta-1-scaled-1-1536x1024.jpg 1536w, https:\/\/elcafedepipa.com\/wp-content\/uploads\/2026\/09\/Concentracion-apoyo-Ceuta-1-scaled-1-2048x1365.jpg 2048w\" sizes=\"(max-width: 1024px) 100vw, 1024px\" \/><\/figure>\n\n\n\n<figure class=\"wp-block-audio\"><audio controls src=\"https:\/\/elcafedepipa.com\/wp-content\/uploads\/2026\/09\/Presidenta-Marta-Barrachina-Concentracion-apoyo-Ceuta.mp3\"><\/audio><\/figure>\n\n\n\n<p class=\"wp-block-paragraph\">En la seua assist\u00e8ncia a esta trobada castellonenca, la presidenta de la Diputaci\u00f3 Provincial de Castell\u00f3, Marta Barrachina, ha reiterat la seua empatia amb els ciutadans de Ceuta, fent \u00e8mfasi en el comprom\u00eds col\u00b7lectiu amb una conviv\u00e8ncia democr\u00e0tica i justa. \u201cEl que afecta els de Ceuta concernix a tots els espanyols i, per aix\u00f2, hui responem de manera visible, solid\u00e0ria i compromesa, defenent els valors democr\u00e0tics d&#8217;una conviv\u00e8ncia justa\u201d<\/p>\n","protected":false},"excerpt":{"rendered":"<p>Dins dels actes celebrats este dimecres a Castell\u00f3, la responsable provincial ha acudit a la concentraci\u00f3 on ha subratllat la import\u00e0ncia de mantindre la unitat, el respecte i la conviv\u00e8ncia. En la seua assist\u00e8ncia a esta trobada castellonenca, la presidenta de la Diputaci\u00f3 Provincial de Castell\u00f3, Marta Barrachina, ha reiterat la seua empatia amb els &#8230; <a title=\"La presidenta Marta Barrachina mostra la seua solidaritat i suport a Ceuta\" class=\"read-more\" href=\"https:\/\/elcafedepipa.com\/index.php\/2026\/09\/03\/la-presidenta-marta-barrachina-mostra-la-seua-solidaritat-i-suport-a-ceuta\/\" aria-label=\"M\u00e9s informaci\u00f3 sobre La presidenta Marta Barrachina mostra la seua solidaritat i suport a Ceuta\">Read more<\/a><\/p>\n","protected":false},"author":5,"featured_media":28580,"comment_status":"open","ping_status":"closed","sticky":false,"template":"","format":"standard","meta":{"om_disable_all_campaigns":false,"_monsterinsights_skip_tracking":false,"_uf_show_specific_survey":0,"_uf_disable_surveys":false,"slim_seo":{"title":"La presidenta Marta Barrachina mostra la seua solidaritat i suport a Ceuta - El caf\u00e9 de Pipa","description":"Dins dels actes celebrats este dimecres a Castell\u00f3 , la responsable provincial ha acudit a la concentraci\u00f3 on ha subratllat la import\u00e0ncia de mantindre la unita"},"footnotes":""},"categories":[10],"tags":[],"ppma_author":[75],"class_list":["post-28576","post","type-post","status-publish","format-standard","has-post-thumbnail","hentry","category-provinciadecastello"],"distributor_meta":false,"distributor_terms":false,"distributor_media":false,"distributor_original_site_name":"Info Nord","distributor_original_site_url":"https:\/\/infonord.es","push-errors":false,"authors":[{"term_id":75,"user_id":5,"is_guest":0,"slug":"vicentarnau","display_name":"Vicent Arnau Forner","avatar_url":"https:\/\/secure.gravatar.com\/avatar\/b6bbb5d9d4a2f81c9489990a7f05494fa0066b3db023740311cd0a4d00ee56fe?s=96&d=mm&r=g","author_category":"","first_name":"Vicent","last_name":"Arnau Forner","user_url":"","job_title":"","description":""}],"_links":{"self":[{"href":"https:\/\/elcafedepipa.com\/index.php\/wp-json\/wp\/v2\/posts\/28576","targetHints":{"allow":["GET"]}}],"collection":[{"href":"https:\/\/elcafedepipa.com\/index.php\/wp-json\/wp\/v2\/posts"}],"about":[{"href":"https:\/\/elcafedepipa.com\/index.php\/wp-json\/wp\/v2\/types\/post"}],"author":[{"embeddable":true,"href":"https:\/\/elcafedepipa.com\/index.php\/wp-json\/wp\/v2\/users\/5"}],"replies":[{"embeddable":true,"href":"https:\/\/elcafedepipa.com\/index.php\/wp-json\/wp\/v2\/comments?post=28576"}],"version-history":[{"count":2,"href":"https:\/\/elcafedepipa.com\/index.php\/wp-json\/wp\/v2\/posts\/28576\/revisions"}],"predecessor-version":[{"id":28582,"href":"https:\/\/elcafedepipa.com\/index.php\/wp-json\/wp\/v2\/posts\/28576\/revisions\/28582"}],"wp:featuredmedia":[{"embeddable":true,"href":"https:\/\/elcafedepipa.com\/index.php\/wp-json\/wp\/v2\/media\/28580"}],"wp:attachment":[{"href":"https:\/\/elcafedepipa.com\/index.php\/wp-json\/wp\/v2\/media?parent=28576"}],"wp:term":[{"taxonomy":"category","embeddable":true,"href":"https:\/\/elcafedepipa.com\/index.php\/wp-json\/wp\/v2\/categories?post=28576"},{"taxonomy":"post_tag","embeddable":true,"href":"https:\/\/elcafedepipa.com\/index.php\/wp-json\/wp\/v2\/tags?post=28576"},{"taxonomy":"author","embeddable":true,"href":"https:\/\/elcafedepipa.com\/index.php\/wp-json\/wp\/v2\/ppma_author?post=28576"}],"curies":[{"name":"wp","href":"https:\/\/api.w.org\/{rel}","templated":true}]}}