{"id":28569,"date":"2026-09-02T14:58:59","date_gmt":"2026-09-02T12:58:59","guid":{"rendered":"https:\/\/elcafedepipa.com\/?p=28569"},"modified":"2026-09-02T14:59:14","modified_gmt":"2026-09-02T12:59:14","slug":"mascarell-celebra-aquests-dies-les-seues-festes-patronals-amb-una-variada-programacio","status":"publish","type":"post","link":"https:\/\/elcafedepipa.com\/index.php\/2026\/09\/02\/mascarell-celebra-aquests-dies-les-seues-festes-patronals-amb-una-variada-programacio\/","title":{"rendered":"MASCARELL CELEBRA AQUESTS DIES LES SEUES FESTES PATRONALS AMB UNA VARIADA PROGRAMACI\u00d3"},"content":{"rendered":"\n<p class=\"wp-block-paragraph\"><strong>Amb el Dia dedicat a la Divina Pastora finalitzaran les festes<\/strong><\/p>\n\n\n\n<p class=\"wp-block-paragraph\">Mascarell es troba aquests dies celebrant les seues festes patronals en honor a la Nostra Senyora dels \u00c0ngels, Sant Agust\u00ed, Sant Ramon i a la Divina Pastora, uns festejos molt esperats pel ve\u00efnat que cada any celebren amb molt d\u2019entusiasme.<\/p>\n\n\n\n<p class=\"wp-block-paragraph\">Aix\u00ed doncs, la poblaci\u00f3 de Mascarell compta aquests dies amb una variada programaci\u00f3 d\u2019actes enfocada a tots els p\u00fablics. De manera que, a m\u00e9s dels tradicionals actes religiosos dedicats als patrons, com ara la missa i process\u00f3 en honor a Sant Agust\u00ed que va tindre lloc divendres i que va comptar amb la pres\u00e8ncia de la Reina de la Vila, Candela Lucas Peirats; i les dames de la vila Gema Parra, Nadia Garz\u00f3n i Miriam Flich; de l\u2019alcalde de Nules, David Garc\u00eda; l\u2019alcalde de Mascarell, \u00c1lex Barrios; del regidor de Mascarell, Guillermo Latorre; i de la resta de regidors i regidores de l\u2019Ajuntament de Nules, una jornada que va servir tamb\u00e9 per homenatjar a Mossen Manuel Blasco, molt lligat a la poblaci\u00f3 de Mascarell i al que s\u2019ha dedicat la placeta on es troba l\u2019entrada a l\u2019esgl\u00e9sia.<\/p>\n\n\n\n<p class=\"wp-block-paragraph\">Tamb\u00e9 s\u2019han desenvolupat actes taurins amb l\u2019exhibici\u00f3 de bous, bous embolats i vaques. De fet, dem\u00e0 dimecres es tancar\u00e0 la programaci\u00f3 taurina amb una vesprada de vaques de la ramaderia Sergio Rua, i bou embolat de la mateixa ramaderia.<\/p>\n\n\n\n<p class=\"wp-block-paragraph\">Aix\u00ed mateix, els actes populars i que congreguen a un gran n\u00famero de ve\u00efnat han protagonitzat tamb\u00e9 la programaci\u00f3 amb sopars de pa i porta, esmorzars populars, o els concursos de paelles i truita de cre\u00eflla, destacant la tradicional <em>subasta popular<\/em>.<\/p>\n\n\n\n<p class=\"wp-block-paragraph\">Per altra banda, els m\u00e9s menuts han pogut gaudir de jocs populars, d\u2019un espectacle de transhum\u00e0ncia, de la festa de la bromera i parc aqu\u00e0tic, o de diferents parcs infantils. Tamb\u00e9 les persones majors de Mascarell han participat del tradicional dinar de jubilats al sal\u00f3 multifuncional que es va celebrar ahir dilluns.<\/p>\n\n\n\n<p class=\"wp-block-paragraph\">Amb tot, tamb\u00e9 ha hagut actuacions musicals amb el concert de la banda Triband, el tardeo flamenc amb Alhaire Flamenquito &amp; Rumba Pop, l\u2019actuaci\u00f3 del D\u00fao Saturdaynight i DJs; cine amb la projecci\u00f3 \u201cRecuerdos de Mascarell\u201d; o concurs de disfresses.<\/p>\n\n\n\n<p class=\"wp-block-paragraph\">La programaci\u00f3 finalitzar\u00e0 aquest cap de setmana&nbsp; amb la missa i process\u00f3 en honor a la Divina Pastora.<\/p>\n\n\n\n<p class=\"wp-block-paragraph\">Davant a\u00e7\u00f2, el regidor de Mascarell, Guillermo Latorre, ha assenyalat que \u201cs\u2019ha fet un gran esfor\u00e7 i un gran treball per a que el ve\u00efnat de Mascarell puga gaudir de d\u2019aquest festejos, que estan sent tot un \u00e8xit de participaci\u00f3\u201d.<\/p>\n\n\n\n<figure class=\"wp-block-image size-large\"><img fetchpriority=\"high\" decoding=\"async\" width=\"1024\" height=\"683\" src=\"https:\/\/elcafedepipa.com\/wp-content\/uploads\/2026\/09\/786562076_1041208385384811_711105580662217709_n-1024x683.jpg\" alt=\"786562076 1041208385384811 711105580662217709 n\" class=\"wp-image-28572\" srcset=\"https:\/\/elcafedepipa.com\/wp-content\/uploads\/2026\/09\/786562076_1041208385384811_711105580662217709_n-1024x683.jpg 1024w, https:\/\/elcafedepipa.com\/wp-content\/uploads\/2026\/09\/786562076_1041208385384811_711105580662217709_n-300x200.jpg 300w, https:\/\/elcafedepipa.com\/wp-content\/uploads\/2026\/09\/786562076_1041208385384811_711105580662217709_n-767x511.jpg 767w, https:\/\/elcafedepipa.com\/wp-content\/uploads\/2026\/09\/786562076_1041208385384811_711105580662217709_n-1536x1024.jpg 1536w, https:\/\/elcafedepipa.com\/wp-content\/uploads\/2026\/09\/786562076_1041208385384811_711105580662217709_n.jpg 2048w\" sizes=\"(max-width: 1024px) 100vw, 1024px\" \/><\/figure>\n\n\n\n<figure class=\"wp-block-image size-large\"><img decoding=\"async\" width=\"1024\" height=\"683\" src=\"https:\/\/elcafedepipa.com\/wp-content\/uploads\/2026\/09\/784980963_1504993948321881_7837078652433402296_n-1-1024x683.jpg\" alt=\"784980963 1504993948321881 7837078652433402296 n\" class=\"wp-image-28573\" srcset=\"https:\/\/elcafedepipa.com\/wp-content\/uploads\/2026\/09\/784980963_1504993948321881_7837078652433402296_n-1-1024x683.jpg 1024w, https:\/\/elcafedepipa.com\/wp-content\/uploads\/2026\/09\/784980963_1504993948321881_7837078652433402296_n-1-300x200.jpg 300w, https:\/\/elcafedepipa.com\/wp-content\/uploads\/2026\/09\/784980963_1504993948321881_7837078652433402296_n-1-768x512.jpg 768w, https:\/\/elcafedepipa.com\/wp-content\/uploads\/2026\/09\/784980963_1504993948321881_7837078652433402296_n-1-1536x1024.jpg 1536w, https:\/\/elcafedepipa.com\/wp-content\/uploads\/2026\/09\/784980963_1504993948321881_7837078652433402296_n-1.jpg 1620w\" sizes=\"(max-width: 1024px) 100vw, 1024px\" \/><\/figure>\n","protected":false},"excerpt":{"rendered":"<p>Amb el Dia dedicat a la Divina Pastora finalitzaran les festes Mascarell es troba aquests dies celebrant les seues festes patronals en honor a la Nostra Senyora dels \u00c0ngels, Sant Agust\u00ed, Sant Ramon i a la Divina Pastora, uns festejos molt esperats pel ve\u00efnat que cada any celebren amb molt d\u2019entusiasme. Aix\u00ed doncs, la poblaci\u00f3 &#8230; <a title=\"MASCARELL CELEBRA AQUESTS DIES LES SEUES FESTES PATRONALS AMB UNA VARIADA PROGRAMACI\u00d3\" class=\"read-more\" href=\"https:\/\/elcafedepipa.com\/index.php\/2026\/09\/02\/mascarell-celebra-aquests-dies-les-seues-festes-patronals-amb-una-variada-programacio\/\" aria-label=\"M\u00e9s informaci\u00f3 sobre MASCARELL CELEBRA AQUESTS DIES LES SEUES FESTES PATRONALS AMB UNA VARIADA PROGRAMACI\u00d3\">Read more<\/a><\/p>\n","protected":false},"author":5,"featured_media":28570,"comment_status":"closed","ping_status":"closed","sticky":false,"template":"","format":"standard","meta":{"om_disable_all_campaigns":false,"_monsterinsights_skip_tracking":false,"_uf_show_specific_survey":0,"_uf_disable_surveys":false,"slim_seo":{"title":"MASCARELL CELEBRA AQUESTS DIES LES SEUES FESTES PATRONALS AMB UNA VARIADA PROGRAMACI\u00d3 - El caf\u00e9 de Pipa","description":"Amb el Dia dedicat a la Divina Pastora finalitzaran les festes Mascarell es troba aquests dies celebrant les seues festes patronals en honor a la Nostra Senyora"},"footnotes":""},"categories":[1],"tags":[],"ppma_author":[75],"class_list":["post-28569","post","type-post","status-publish","format-standard","has-post-thumbnail","hentry","category-non-classe"],"distributor_meta":false,"distributor_terms":false,"distributor_media":false,"distributor_original_site_name":"El caf\u00e9 de Pipa","distributor_original_site_url":"https:\/\/elcafedepipa.com","push-errors":false,"authors":[{"term_id":75,"user_id":5,"is_guest":0,"slug":"vicentarnau","display_name":"Vicent Arnau Forner","avatar_url":"https:\/\/secure.gravatar.com\/avatar\/b6bbb5d9d4a2f81c9489990a7f05494fa0066b3db023740311cd0a4d00ee56fe?s=96&d=mm&r=g","author_category":"","first_name":"Vicent","last_name":"Arnau Forner","user_url":"","job_title":"","description":""}],"_links":{"self":[{"href":"https:\/\/elcafedepipa.com\/index.php\/wp-json\/wp\/v2\/posts\/28569","targetHints":{"allow":["GET"]}}],"collection":[{"href":"https:\/\/elcafedepipa.com\/index.php\/wp-json\/wp\/v2\/posts"}],"about":[{"href":"https:\/\/elcafedepipa.com\/index.php\/wp-json\/wp\/v2\/types\/post"}],"author":[{"embeddable":true,"href":"https:\/\/elcafedepipa.com\/index.php\/wp-json\/wp\/v2\/users\/5"}],"replies":[{"embeddable":true,"href":"https:\/\/elcafedepipa.com\/index.php\/wp-json\/wp\/v2\/comments?post=28569"}],"version-history":[{"count":1,"href":"https:\/\/elcafedepipa.com\/index.php\/wp-json\/wp\/v2\/posts\/28569\/revisions"}],"predecessor-version":[{"id":28575,"href":"https:\/\/elcafedepipa.com\/index.php\/wp-json\/wp\/v2\/posts\/28569\/revisions\/28575"}],"wp:featuredmedia":[{"embeddable":true,"href":"https:\/\/elcafedepipa.com\/index.php\/wp-json\/wp\/v2\/media\/28570"}],"wp:attachment":[{"href":"https:\/\/elcafedepipa.com\/index.php\/wp-json\/wp\/v2\/media?parent=28569"}],"wp:term":[{"taxonomy":"category","embeddable":true,"href":"https:\/\/elcafedepipa.com\/index.php\/wp-json\/wp\/v2\/categories?post=28569"},{"taxonomy":"post_tag","embeddable":true,"href":"https:\/\/elcafedepipa.com\/index.php\/wp-json\/wp\/v2\/tags?post=28569"},{"taxonomy":"author","embeddable":true,"href":"https:\/\/elcafedepipa.com\/index.php\/wp-json\/wp\/v2\/ppma_author?post=28569"}],"curies":[{"name":"wp","href":"https:\/\/api.w.org\/{rel}","templated":true}]}}